{"id":14,"date":"2014-07-13T21:30:14","date_gmt":"2014-07-13T21:30:14","guid":{"rendered":"http:\/\/caials.blog.pangea.org\/?p=14"},"modified":"2015-09-04T11:31:10","modified_gmt":"2015-09-04T11:31:10","slug":"entrevista-minims-comuns-a-feministescat","status":"publish","type":"post","link":"https:\/\/caials.blog.pangea.org\/en\/entrevista-minims-comuns-a-feministescat\/","title":{"rendered":"Entrevista: m\u00ednims comuns? A @FeministesCat"},"content":{"rendered":"<p><a href=\"http:\/\/vimeo.com\/95256711\">Entrevista Betlem Ca\u00f1izar, Coordinadora de Caladona<\/a> from <a href=\"http:\/\/vimeo.com\/user24057046\">Feministes de Catalunya<\/a> on <a href=\"https:\/\/vimeo.com\">Vimeo<\/a>.<\/p>\n<p>Betlem Ca&ntilde;izar t&eacute; una gran experi&egrave;ncia professional en la gesti&oacute; cultural i com a experta en g&egrave;nere i pol&iacute;tiques d&#039;Igualtat. &Eacute;s premi extraordinari de Llicenciatura en Humanitats per la UAB, i <br \/> Postgrau en G&egrave;nere i Igualtat d&rsquo;Oportunitats per la UAB, entre d&#039;altres&#8230;<\/p>","protected":false},"excerpt":{"rendered":"<p>Entrevista Betlem Ca\u00f1izar, Coordinadora de Caladona from Feministes de Catalunya on Vimeo. Betlem Ca&ntilde;izar t&eacute; una gran experi&egrave;ncia professional en la gesti&oacute; cultural i com a experta en g&egrave;nere i pol&iacute;tiques d&#039;Igualtat. &Eacute;s premi extraordinari de Llicenciatura en Humanitats per <a class=\"more-link\" href=\"https:\/\/caials.blog.pangea.org\/en\/entrevista-minims-comuns-a-feministescat\/\">Continue reading <span class=\"screen-reader-text\">  Entrevista: m\u00ednims comuns? A @FeministesCat<\/span><span class=\"meta-nav\">&rarr;<\/span><\/a><\/p>\n","protected":false},"author":2457,"featured_media":38,"comment_status":"open","ping_status":"open","sticky":false,"template":"","format":"video","meta":{"jetpack_post_was_ever_published":false,"_jetpack_newsletter_access":"","_jetpack_dont_email_post_to_subs":false,"_jetpack_newsletter_tier_id":0,"_jetpack_memberships_contains_paywalled_content":false,"_jetpack_memberships_contains_paid_content":false,"footnotes":"","jetpack_publicize_message":"","jetpack_publicize_feature_enabled":true,"jetpack_social_post_already_shared":true,"jetpack_social_options":{"image_generator_settings":{"template":"highway","default_image_id":0,"font":"","enabled":false},"version":2}},"categories":[25692],"tags":[25684,25685,25704],"class_list":["post-14","post","type-post","status-publish","format-video","has-post-thumbnail","hentry","category-el-bloc-de-caials","tag-democracia-participativa","tag-minims-comuns","tag-politica-de-la-relacio","post_format-post-format-video"],"jetpack_publicize_connections":[],"jetpack_featured_media_url":"https:\/\/i0.wp.com\/caials.blog.pangea.org\/files\/2014\/07\/Imatge_Feministescat.jpg?fit=960%2C540&ssl=1","jetpack_shortlink":"https:\/\/wp.me\/p4TQKH-e","jetpack_sharing_enabled":true,"jetpack-related-posts":[{"id":151,"url":"https:\/\/caials.blog.pangea.org\/en\/conversa-amb-itziar-gonzalez-i-frederic-vicent-lhora-l-cadena-ser\/","url_meta":{"origin":14,"position":0},"title":"Conversa amb Itziar Gonz\u00e1lez i Frederic Vicent. L&#8217;Hora L, Cadena Ser","author":"caials","date":"Wednesday September  3rd, 2014","format":false,"excerpt":"Com diuen a la web de la Ser, a l'Hora L \"els dimecres \u00e9s el dia dels moviments socials, d'escoltar representants del teixit associatiu i d'acostar-nos a les seves lluites. Ens servir\u00e0 de guia l'arquitecte i exregidora Itziar Gonz\u00e1lez, que est\u00e0 impulsant el Parlament Ciutad\u00e0.\" El novembre del 2013 es\u2026","rel":"","context":"In &quot;No t'ho perdis&quot;","block_context":{"text":"No t'ho perdis","link":"https:\/\/caials.blog.pangea.org\/en\/category\/no-tho-perdis\/"},"img":{"alt_text":"","src":"https:\/\/i0.wp.com\/caials.blog.pangea.org\/files\/2014\/09\/LHoraL_1311.jpg?fit=1200%2C675&ssl=1&resize=350%2C200","width":350,"height":200,"srcset":"https:\/\/i0.wp.com\/caials.blog.pangea.org\/files\/2014\/09\/LHoraL_1311.jpg?fit=1200%2C675&ssl=1&resize=350%2C200 1x, https:\/\/i0.wp.com\/caials.blog.pangea.org\/files\/2014\/09\/LHoraL_1311.jpg?fit=1200%2C675&ssl=1&resize=525%2C300 1.5x, https:\/\/i0.wp.com\/caials.blog.pangea.org\/files\/2014\/09\/LHoraL_1311.jpg?fit=1200%2C675&ssl=1&resize=700%2C400 2x, https:\/\/i0.wp.com\/caials.blog.pangea.org\/files\/2014\/09\/LHoraL_1311.jpg?fit=1200%2C675&ssl=1&resize=1050%2C600 3x"},"classes":[]},{"id":399,"url":"https:\/\/caials.blog.pangea.org\/en\/teixim-resistencies-construim-esperances-espais-de-llibertat\/","url_meta":{"origin":14,"position":1},"title":"(Catal\u00e0) Teixim resist\u00e8ncies, constru\u00efm esperances :: Espais de llibertat","author":"caials","date":"Tuesday May  5th, 2015","format":false,"excerpt":"Les Jornades \"Per una vida vivible en un m\u00f3n limitat\" van ser un punt de trobada de col\u00b7lectius feministes, ecofeministes i ecologistes, on vam poder entrecreuar mirades, formes de fer i experi\u00e8ncies, tot posant-nos en relaci\u00f3. A la web es recull el desenvolupament de les jornades i els v\u00eddeos de\u2026","rel":"","context":"In &quot;El bloc de Caials&quot;","block_context":{"text":"El bloc de Caials","link":"https:\/\/caials.blog.pangea.org\/en\/category\/el-bloc-de-caials\/"},"img":{"alt_text":"","src":"https:\/\/i0.wp.com\/caials.blog.pangea.org\/files\/2015\/05\/TeiximResistencies.jpg?fit=428%2C271&ssl=1&resize=350%2C200","width":350,"height":200},"classes":[]},{"id":380,"url":"https:\/\/caials.blog.pangea.org\/en\/acsur-sabers-i-practiques-feministes-una-aproximacio-al-moviment-feminista-a-catalunya\/","url_meta":{"origin":14,"position":2},"title":"(Catal\u00e0) ACSUR | Sabers i Pr\u00e0ctiques Feministes: una aproximaci\u00f3 al Moviment Feminista a Catalunya","author":"caials","date":"Wednesday April  8th, 2015","format":false,"excerpt":"Coneixeu la recerca \"Sabers i Pr\u00e0ctiques Feministes: una aproximaci\u00f3 al Moviment Feminista de Catalunya\"? Les autores s\u00f3n Maria Palomares Arenas Cabral i Joana garcia Grenzner, dins el Programa Veus Dones Sud d\u2019ACSUR-Las Segovias, amb la coordinaci\u00f3 de Marta Tudela i el suport\u00a0del\u00a0Grup de Reflexi\u00f3, Investigaci\u00f3 i Metodologies com a direcci\u00f3\u2026","rel":"","context":"In &quot;Recomanacions&quot;","block_context":{"text":"Recomanacions","link":"https:\/\/caials.blog.pangea.org\/en\/category\/recomanacions\/"},"img":{"alt_text":"Imatge publicaci\u00f3","src":"https:\/\/i0.wp.com\/caials.blog.pangea.org\/files\/2015\/04\/PublicacioACSUR-212x300.png?resize=350%2C200","width":350,"height":200},"classes":[]},{"id":258,"url":"https:\/\/caials.blog.pangea.org\/en\/jornades-coms-que-son-ques-%e3%80%8bradicalitats-democratiques-des-dels-feminismes\/","url_meta":{"origin":14,"position":3},"title":"Jornades Coms que s\u00f3n qu\u00e8s \u300bRadicalitats democr\u00e0tiques des dels feminismes","author":"caials","date":"Monday October 13th, 2014","format":false,"excerpt":"La recomanaci\u00f3 d'aquesta setmana \u00e9s per a la jornada que l'1 de novembre es prepara a Ca la Dona. Neix del \"neguit\" d'un grup de dones per a \"debatre juntes i reflexionar sobre com fem que tot el nostre llegat de pr\u00e0ctiques,\u00a0 experi\u00e8ncies i relacions sigui un eix vertebrador de\u2026","rel":"","context":"In &quot;Recomanacions&quot;","block_context":{"text":"Recomanacions","link":"https:\/\/caials.blog.pangea.org\/en\/category\/recomanacions\/"},"img":{"alt_text":"","src":"https:\/\/i0.wp.com\/caials.blog.pangea.org\/files\/2014\/10\/wpid-cropped-512px-square_and_colors_a-svg.png?fit=270%2C270&ssl=1&resize=350%2C200","width":350,"height":200},"classes":[]},{"id":388,"url":"https:\/\/caials.blog.pangea.org\/en\/feminismos-ciudad-y-radicalidad-democratica\/","url_meta":{"origin":14,"position":4},"title":"(Catal\u00e0) Feminismos, ciudad y radicalidad democr\u00e1tica","author":"caials","date":"Tuesday April 21st, 2015","format":false,"excerpt":"El blog Pista Urbana de CatalunyaPlural (elDiario.es) \"quiere ser un espacio destinado a recoger debates, propuestas y an\u00e1lisis vinculados a los temas urbanos en un sentido muy amplio, aqu\u00ed y en todo el mundo. En las ciudades los cambios y las transformaciones se hacen muy evidentes, y por lo tanto\u2026","rel":"","context":"In &quot;El bloc de Caials&quot;","block_context":{"text":"El bloc de Caials","link":"https:\/\/caials.blog.pangea.org\/en\/category\/el-bloc-de-caials\/"},"img":{"alt_text":"","src":"https:\/\/i0.wp.com\/caials.blog.pangea.org\/files\/2015\/04\/Patriarcadourbano_JaumeBadosa.jpg?fit=643%2C362&ssl=1&resize=350%2C200","width":350,"height":200,"srcset":"https:\/\/i0.wp.com\/caials.blog.pangea.org\/files\/2015\/04\/Patriarcadourbano_JaumeBadosa.jpg?fit=643%2C362&ssl=1&resize=350%2C200 1x, https:\/\/i0.wp.com\/caials.blog.pangea.org\/files\/2015\/04\/Patriarcadourbano_JaumeBadosa.jpg?fit=643%2C362&ssl=1&resize=525%2C300 1.5x"},"classes":[]},{"id":82,"url":"https:\/\/caials.blog.pangea.org\/en\/conflictes-corals-adaptacio-per-a-dues-veus-1\/","url_meta":{"origin":14,"position":5},"title":"Conflictes corals. Adaptaci\u00f3 per a dues veus (1)","author":"caials","date":"Thursday August 28th, 2014","format":false,"excerpt":"Betlem Ca\u00f1izar Bel (primera veu) i Mireia Bofill (com a parella interlocutora). Maig 2011. Publicat a La Teranyina 2. Escola Feminista d\u2019estiu 2010 L\u2019altre dia m\u2019ho deien: \u201ci perqu\u00e8 aquesta dona no vol saber res de nosaltres\u201d? Cada vegada que sento aquesta pregunta, o d\u2019altres similars, no ho puc evitar,\u2026","rel":"","context":"In &quot;El bloc de Caials&quot;","block_context":{"text":"El bloc de Caials","link":"https:\/\/caials.blog.pangea.org\/en\/category\/el-bloc-de-caials\/"},"img":{"alt_text":"NenaEfe","src":"https:\/\/i0.wp.com\/caials.blog.pangea.org\/files\/2014\/08\/NenaEfe.jpg?resize=350%2C200","width":350,"height":200},"classes":[]}],"_links":{"self":[{"href":"https:\/\/caials.blog.pangea.org\/en\/wp-json\/wp\/v2\/posts\/14","targetHints":{"allow":["GET"]}}],"collection":[{"href":"https:\/\/caials.blog.pangea.org\/en\/wp-json\/wp\/v2\/posts"}],"about":[{"href":"https:\/\/caials.blog.pangea.org\/en\/wp-json\/wp\/v2\/types\/post"}],"author":[{"embeddable":true,"href":"https:\/\/caials.blog.pangea.org\/en\/wp-json\/wp\/v2\/users\/2457"}],"replies":[{"embeddable":true,"href":"https:\/\/caials.blog.pangea.org\/en\/wp-json\/wp\/v2\/comments?post=14"}],"version-history":[{"count":21,"href":"https:\/\/caials.blog.pangea.org\/en\/wp-json\/wp\/v2\/posts\/14\/revisions"}],"predecessor-version":[{"id":484,"href":"https:\/\/caials.blog.pangea.org\/en\/wp-json\/wp\/v2\/posts\/14\/revisions\/484"}],"wp:featuredmedia":[{"embeddable":true,"href":"https:\/\/caials.blog.pangea.org\/en\/wp-json\/wp\/v2\/media\/38"}],"wp:attachment":[{"href":"https:\/\/caials.blog.pangea.org\/en\/wp-json\/wp\/v2\/media?parent=14"}],"wp:term":[{"taxonomy":"category","embeddable":true,"href":"https:\/\/caials.blog.pangea.org\/en\/wp-json\/wp\/v2\/categories?post=14"},{"taxonomy":"post_tag","embeddable":true,"href":"https:\/\/caials.blog.pangea.org\/en\/wp-json\/wp\/v2\/tags?post=14"}],"curies":[{"name":"wp","href":"https:\/\/api.w.org\/{rel}","templated":true}]}}