{"id":388,"date":"2015-04-21T08:40:43","date_gmt":"2015-04-21T08:40:43","guid":{"rendered":"http:\/\/caials.blog.pangea.org\/?p=388"},"modified":"2015-09-04T11:26:49","modified_gmt":"2015-09-04T11:26:49","slug":"feminismos-ciudad-y-radicalidad-democratica","status":"publish","type":"post","link":"https:\/\/caials.blog.pangea.org\/en\/feminismos-ciudad-y-radicalidad-democratica\/","title":{"rendered":"(Catal\u00e0) Feminismos, ciudad y radicalidad democr\u00e1tica"},"content":{"rendered":"<p class=\"qtranxs-available-languages-message qtranxs-available-languages-message-en\">Sorry, this entry is only available in <a href=\"https:\/\/caials.blog.pangea.org\/ca\/wp-json\/wp\/v2\/posts\/388\" class=\"qtranxs-available-language-link qtranxs-available-language-link-ca\" title=\"Catal\u00e0\">Catal\u00e0<\/a> and <a href=\"https:\/\/caials.blog.pangea.org\/es\/wp-json\/wp\/v2\/posts\/388\" class=\"qtranxs-available-language-link qtranxs-available-language-link-es\" title=\"Espa\u00f1ol\">Espa\u00f1ol<\/a>.<\/p>","protected":false},"excerpt":{"rendered":"<p>Sorry, this entry is only available in Catal\u00e0 and Espa\u00f1ol.<\/p>\n","protected":false},"author":2457,"featured_media":390,"comment_status":"open","ping_status":"open","sticky":false,"template":"","format":"standard","meta":{"jetpack_post_was_ever_published":false,"_jetpack_newsletter_access":"","_jetpack_dont_email_post_to_subs":false,"_jetpack_newsletter_tier_id":0,"_jetpack_memberships_contains_paywalled_content":false,"_jetpack_memberships_contains_paid_content":false,"footnotes":"","jetpack_publicize_message":"","jetpack_publicize_feature_enabled":true,"jetpack_social_post_already_shared":true,"jetpack_social_options":{"image_generator_settings":{"template":"highway","default_image_id":0,"font":"","enabled":false},"version":2}},"categories":[25692],"tags":[601,25695,25685,25704],"class_list":["post-388","post","type-post","status-publish","format-standard","has-post-thumbnail","hentry","category-el-bloc-de-caials","tag-articles","tag-feminismes-2","tag-minims-comuns","tag-politica-de-la-relacio"],"jetpack_publicize_connections":[],"jetpack_featured_media_url":"https:\/\/i0.wp.com\/caials.blog.pangea.org\/files\/2015\/04\/Patriarcadourbano_JaumeBadosa.jpg?fit=643%2C362&ssl=1","jetpack_shortlink":"https:\/\/wp.me\/p4TQKH-6g","jetpack_sharing_enabled":true,"jetpack-related-posts":[{"id":318,"url":"https:\/\/caials.blog.pangea.org\/en\/pista-urbana-a-catalunyaplural-quin-es-el-subjecte-urba-de-les-nostres-ciutats\/","url_meta":{"origin":388,"position":0},"title":"(Catal\u00e0) Pista Urbana a @CatalunyaPlural: Quin es el subjecte urb\u00e0 de les nostres ciutats?","author":"caials","date":"Tuesday January 20th, 2015","format":false,"excerpt":"Sorry, this entry is only available in Catal\u00e0.","rel":"","context":"In &quot;Recomanacions&quot;","block_context":{"text":"Recomanacions","link":"https:\/\/caials.blog.pangea.org\/en\/category\/recomanacions\/"},"img":{"alt_text":"","src":"https:\/\/i0.wp.com\/caials.blog.pangea.org\/files\/2015\/04\/Patriarcadourbano_JaumeBadosa.jpg?fit=643%2C362&ssl=1&resize=350%2C200","width":350,"height":200,"srcset":"https:\/\/i0.wp.com\/caials.blog.pangea.org\/files\/2015\/04\/Patriarcadourbano_JaumeBadosa.jpg?fit=643%2C362&ssl=1&resize=350%2C200 1x, https:\/\/i0.wp.com\/caials.blog.pangea.org\/files\/2015\/04\/Patriarcadourbano_JaumeBadosa.jpg?fit=643%2C362&ssl=1&resize=525%2C300 1.5x"},"classes":[]},{"id":304,"url":"https:\/\/caials.blog.pangea.org\/en\/vols-fer-hi-una-ullada\/","url_meta":{"origin":388,"position":1},"title":"(Catal\u00e0) Vols fer-hi una ullada?","author":"caials","date":"Tuesday January 13th, 2015","format":false,"excerpt":"Caials porta poc m\u00e9s de 3 mesos en funcionament. \u00c9s un plaer compartir amb vosaltres els projectes en marxa i els realitzats fins el moment. Els trobareu a l'apartat Experi\u00e8ncia d'aquest web, tot just acabat d'actualitzar. \u00c9s il\u00b7lusionant iniciar col\u00b7laboracions en projectes tan diversos. Els aprenentatges i les experi\u00e8ncies es\u2026","rel":"","context":"In &quot;Projectes&quot;","block_context":{"text":"Projectes","link":"https:\/\/caials.blog.pangea.org\/en\/category\/projectes\/"},"img":{"alt_text":"","src":"https:\/\/i0.wp.com\/caials.blog.pangea.org\/files\/2015\/01\/4648493891_fd575ca9c8_z.jpg?fit=640%2C427&ssl=1&resize=350%2C200","width":350,"height":200,"srcset":"https:\/\/i0.wp.com\/caials.blog.pangea.org\/files\/2015\/01\/4648493891_fd575ca9c8_z.jpg?fit=640%2C427&ssl=1&resize=350%2C200 1x, https:\/\/i0.wp.com\/caials.blog.pangea.org\/files\/2015\/01\/4648493891_fd575ca9c8_z.jpg?fit=640%2C427&ssl=1&resize=525%2C300 1.5x"},"classes":[]},{"id":276,"url":"https:\/\/caials.blog.pangea.org\/en\/fem-un-2015\/","url_meta":{"origin":388,"position":2},"title":"Fem un 2015&#8230;","author":"caials","date":"Wednesday January  7th, 2015","format":false,"excerpt":"De felicitat. Feta del dia a dia de totes i tots. De just\u00edcia, veritat i reparaci\u00f3, com diuen les feministes sudamericanes. De llibertat i autogesti\u00f3. Vital, personal, col\u00b7lectiva. I ple d'amistats i amors i pau. Encara que sigui un t\u00f2pic, \u00e9s (o hauria de ser) un desig real i profund.\u2026","rel":"","context":"In &quot;El bloc de Caials&quot;","block_context":{"text":"El bloc de Caials","link":"https:\/\/caials.blog.pangea.org\/en\/category\/el-bloc-de-caials\/"},"img":{"alt_text":"","src":"https:\/\/i0.wp.com\/caials.blog.pangea.org\/files\/2014\/07\/PedresCaials.jpg?fit=720%2C480&ssl=1&resize=350%2C200","width":350,"height":200,"srcset":"https:\/\/i0.wp.com\/caials.blog.pangea.org\/files\/2014\/07\/PedresCaials.jpg?fit=720%2C480&ssl=1&resize=350%2C200 1x, https:\/\/i0.wp.com\/caials.blog.pangea.org\/files\/2014\/07\/PedresCaials.jpg?fit=720%2C480&ssl=1&resize=525%2C300 1.5x, https:\/\/i0.wp.com\/caials.blog.pangea.org\/files\/2014\/07\/PedresCaials.jpg?fit=720%2C480&ssl=1&resize=700%2C400 2x"},"classes":[]},{"id":380,"url":"https:\/\/caials.blog.pangea.org\/en\/acsur-sabers-i-practiques-feministes-una-aproximacio-al-moviment-feminista-a-catalunya\/","url_meta":{"origin":388,"position":3},"title":"(Catal\u00e0) ACSUR | Sabers i Pr\u00e0ctiques Feministes: una aproximaci\u00f3 al Moviment Feminista a Catalunya","author":"caials","date":"Wednesday April  8th, 2015","format":false,"excerpt":"Coneixeu la recerca \"Sabers i Pr\u00e0ctiques Feministes: una aproximaci\u00f3 al Moviment Feminista de Catalunya\"? Les autores s\u00f3n Maria Palomares Arenas Cabral i Joana garcia Grenzner, dins el Programa Veus Dones Sud d\u2019ACSUR-Las Segovias, amb la coordinaci\u00f3 de Marta Tudela i el suport\u00a0del\u00a0Grup de Reflexi\u00f3, Investigaci\u00f3 i Metodologies com a direcci\u00f3\u2026","rel":"","context":"In &quot;Recomanacions&quot;","block_context":{"text":"Recomanacions","link":"https:\/\/caials.blog.pangea.org\/en\/category\/recomanacions\/"},"img":{"alt_text":"Imatge publicaci\u00f3","src":"https:\/\/i0.wp.com\/caials.blog.pangea.org\/files\/2015\/04\/PublicacioACSUR-212x300.png?resize=350%2C200","width":350,"height":200},"classes":[]},{"id":459,"url":"https:\/\/caials.blog.pangea.org\/en\/els-nostres-cossos-les-nostres-vides-jornades-internacionals\/","url_meta":{"origin":388,"position":4},"title":"(Catal\u00e0) Els nostres cossos, les nostres vides : Jornades Internacionals","author":"caials","date":"Tuesday September  8th, 2015","format":false,"excerpt":"Sorry, this entry is only available in Catal\u00e0.","rel":"","context":"In &quot;Recomanacions&quot;","block_context":{"text":"Recomanacions","link":"https:\/\/caials.blog.pangea.org\/en\/category\/recomanacions\/"},"img":{"alt_text":"NostresCossosVides","src":"https:\/\/i0.wp.com\/caials.blog.pangea.org\/files\/2015\/08\/NostresCossosVides-300x273.jpg?resize=350%2C200","width":350,"height":200},"classes":[]},{"id":399,"url":"https:\/\/caials.blog.pangea.org\/en\/teixim-resistencies-construim-esperances-espais-de-llibertat\/","url_meta":{"origin":388,"position":5},"title":"(Catal\u00e0) Teixim resist\u00e8ncies, constru\u00efm esperances :: Espais de llibertat","author":"caials","date":"Tuesday May  5th, 2015","format":false,"excerpt":"Les Jornades \"Per una vida vivible en un m\u00f3n limitat\" van ser un punt de trobada de col\u00b7lectius feministes, ecofeministes i ecologistes, on vam poder entrecreuar mirades, formes de fer i experi\u00e8ncies, tot posant-nos en relaci\u00f3. A la web es recull el desenvolupament de les jornades i els v\u00eddeos de\u2026","rel":"","context":"In &quot;El bloc de Caials&quot;","block_context":{"text":"El bloc de Caials","link":"https:\/\/caials.blog.pangea.org\/en\/category\/el-bloc-de-caials\/"},"img":{"alt_text":"","src":"https:\/\/i0.wp.com\/caials.blog.pangea.org\/files\/2015\/05\/TeiximResistencies.jpg?fit=428%2C271&ssl=1&resize=350%2C200","width":350,"height":200},"classes":[]}],"_links":{"self":[{"href":"https:\/\/caials.blog.pangea.org\/en\/wp-json\/wp\/v2\/posts\/388","targetHints":{"allow":["GET"]}}],"collection":[{"href":"https:\/\/caials.blog.pangea.org\/en\/wp-json\/wp\/v2\/posts"}],"about":[{"href":"https:\/\/caials.blog.pangea.org\/en\/wp-json\/wp\/v2\/types\/post"}],"author":[{"embeddable":true,"href":"https:\/\/caials.blog.pangea.org\/en\/wp-json\/wp\/v2\/users\/2457"}],"replies":[{"embeddable":true,"href":"https:\/\/caials.blog.pangea.org\/en\/wp-json\/wp\/v2\/comments?post=388"}],"version-history":[{"count":9,"href":"https:\/\/caials.blog.pangea.org\/en\/wp-json\/wp\/v2\/posts\/388\/revisions"}],"predecessor-version":[{"id":479,"href":"https:\/\/caials.blog.pangea.org\/en\/wp-json\/wp\/v2\/posts\/388\/revisions\/479"}],"wp:featuredmedia":[{"embeddable":true,"href":"https:\/\/caials.blog.pangea.org\/en\/wp-json\/wp\/v2\/media\/390"}],"wp:attachment":[{"href":"https:\/\/caials.blog.pangea.org\/en\/wp-json\/wp\/v2\/media?parent=388"}],"wp:term":[{"taxonomy":"category","embeddable":true,"href":"https:\/\/caials.blog.pangea.org\/en\/wp-json\/wp\/v2\/categories?post=388"},{"taxonomy":"post_tag","embeddable":true,"href":"https:\/\/caials.blog.pangea.org\/en\/wp-json\/wp\/v2\/tags?post=388"}],"curies":[{"name":"wp","href":"https:\/\/api.w.org\/{rel}","templated":true}]}}