{"id":501,"date":"2016-04-17T15:01:30","date_gmt":"2016-04-17T15:01:30","guid":{"rendered":"http:\/\/caials.blog.pangea.org\/?p=501"},"modified":"2016-04-17T15:01:30","modified_gmt":"2016-04-17T15:01:30","slug":"informe-missio-internacional-justicia-para-berta-caceres-flores","status":"publish","type":"post","link":"https:\/\/caials.blog.pangea.org\/en\/informe-missio-internacional-justicia-para-berta-caceres-flores\/","title":{"rendered":"(Catal\u00e0) Informe | Missi\u00f3 Internacional &#8220;Justicia para Berta C\u00e1ceres Flores&#8221;"},"content":{"rendered":"<p class=\"qtranxs-available-languages-message qtranxs-available-languages-message-en\">Sorry, this entry is only available in <a href=\"https:\/\/caials.blog.pangea.org\/ca\/wp-json\/wp\/v2\/posts\/501\" class=\"qtranxs-available-language-link qtranxs-available-language-link-ca\" title=\"Catal\u00e0\">Catal\u00e0<\/a>.<\/p>","protected":false},"excerpt":{"rendered":"<p>Sorry, this entry is only available in Catal\u00e0.<\/p>\n","protected":false},"author":2457,"featured_media":502,"comment_status":"open","ping_status":"open","sticky":false,"template":"","format":"standard","meta":{"jetpack_post_was_ever_published":false,"_jetpack_newsletter_access":"","_jetpack_dont_email_post_to_subs":false,"_jetpack_newsletter_tier_id":0,"_jetpack_memberships_contains_paywalled_content":false,"_jetpack_memberships_contains_paid_content":false,"footnotes":"","jetpack_publicize_message":"","jetpack_publicize_feature_enabled":true,"jetpack_social_post_already_shared":true,"jetpack_social_options":{"image_generator_settings":{"template":"highway","default_image_id":0,"font":"","enabled":false},"version":2}},"categories":[25692],"tags":[25725],"class_list":["post-501","post","type-post","status-publish","format-standard","has-post-thumbnail","hentry","category-el-bloc-de-caials","tag-entrepobles"],"jetpack_publicize_connections":[],"jetpack_featured_media_url":"https:\/\/i0.wp.com\/caials.blog.pangea.org\/files\/2016\/04\/image001.jpg?fit=298%2C235&ssl=1","jetpack_shortlink":"https:\/\/wp.me\/p4TQKH-85","jetpack_sharing_enabled":true,"jetpack-related-posts":[{"id":459,"url":"https:\/\/caials.blog.pangea.org\/en\/els-nostres-cossos-les-nostres-vides-jornades-internacionals\/","url_meta":{"origin":501,"position":0},"title":"(Catal\u00e0) Els nostres cossos, les nostres vides : Jornades Internacionals","author":"caials","date":"Tuesday September  8th, 2015","format":false,"excerpt":"Sorry, this entry is only available in Catal\u00e0.","rel":"","context":"In &quot;Recomanacions&quot;","block_context":{"text":"Recomanacions","link":"https:\/\/caials.blog.pangea.org\/en\/category\/recomanacions\/"},"img":{"alt_text":"NostresCossosVides","src":"https:\/\/i0.wp.com\/caials.blog.pangea.org\/files\/2015\/08\/NostresCossosVides-300x273.jpg?resize=350%2C200","width":350,"height":200},"classes":[]},{"id":219,"url":"https:\/\/caials.blog.pangea.org\/en\/28desetembre-avortament\/","url_meta":{"origin":501,"position":1},"title":"drets sexuals i reproductius i dret a decidir","author":"caials","date":"Wednesday September 24th, 2014","format":false,"excerpt":"Portem anys d'agitaci\u00f3 entorn l'avortament i, des de ja fa un parell d'anys davant les not\u00edcies, ara si i ara no, d'una reforma de la Llei de Drets Sexuals i Reproductius i de la Interrupci\u00f3 Volunt\u00e0ria de l'Embar\u00e0s aprovada el 2010. El projecte de l'ara ja ex-ministre de Just\u00edcia, Alberto\u2026","rel":"","context":"In &quot;No t'ho perdis&quot;","block_context":{"text":"No t'ho perdis","link":"https:\/\/caials.blog.pangea.org\/en\/category\/no-tho-perdis\/"},"img":{"alt_text":"GALLARDON_1","src":"https:\/\/i0.wp.com\/caials.blog.pangea.org\/files\/2014\/09\/GALLARDON_1.jpg?resize=350%2C200","width":350,"height":200},"classes":[]},{"id":408,"url":"https:\/\/caials.blog.pangea.org\/en\/cap-a-santa-coloma-dia-internacional-daccio-per-la-salut-de-les-dones\/","url_meta":{"origin":501,"position":2},"title":"(Catal\u00e0) Cap a Santa Coloma :: Dia Internacional d&#8217;Acci\u00f3 per la Salut de les Dones","author":"caials","date":"Tuesday May 19th, 2015","format":false,"excerpt":"\u00a0 Sabeu que el 28 de maig \u00e9s el Dia Internacional d'Acci\u00f3 per la Salut de les Dones? A Santa Coloma el celebren amb la projecci\u00f3 del documental\u00a0Menopausa Rebel, amb una ponent imperdible,\u00a0Dolores Juliano, i les referents en el m\u00f3n del cinema i l'audiovisual de la cooperativa Drac M\u00e0gic. I\u2026","rel":"","context":"In &quot;El bloc de Caials&quot;","block_context":{"text":"El bloc de Caials","link":"https:\/\/caials.blog.pangea.org\/en\/category\/el-bloc-de-caials\/"},"img":{"alt_text":"15_DiaInternacSalutDones_StaCo_a","src":"https:\/\/i0.wp.com\/caials.blog.pangea.org\/files\/2015\/05\/15_DiaInternacSalutDones_StaCo_a.png?resize=350%2C200","width":350,"height":200},"classes":[]},{"id":527,"url":"https:\/\/caials.blog.pangea.org\/en\/estat-de-la-questio\/","url_meta":{"origin":501,"position":3},"title":"(Catal\u00e0) Estat de la q\u00fcesti\u00f3","author":"caials","date":"Sunday May 14th, 2017","format":false,"excerpt":"Sorry, this entry is only available in Catal\u00e0.","rel":"","context":"In &quot;El bloc de Caials&quot;","block_context":{"text":"El bloc de Caials","link":"https:\/\/caials.blog.pangea.org\/en\/category\/el-bloc-de-caials\/"},"img":{"alt_text":"","src":"https:\/\/i0.wp.com\/caials.blog.pangea.org\/files\/2014\/06\/imatge_legos.jpg?fit=640%2C426&ssl=1&resize=350%2C200","width":350,"height":200,"srcset":"https:\/\/i0.wp.com\/caials.blog.pangea.org\/files\/2014\/06\/imatge_legos.jpg?fit=640%2C426&ssl=1&resize=350%2C200 1x, https:\/\/i0.wp.com\/caials.blog.pangea.org\/files\/2014\/06\/imatge_legos.jpg?fit=640%2C426&ssl=1&resize=525%2C300 1.5x"},"classes":[]},{"id":276,"url":"https:\/\/caials.blog.pangea.org\/en\/fem-un-2015\/","url_meta":{"origin":501,"position":4},"title":"Fem un 2015&#8230;","author":"caials","date":"Wednesday January  7th, 2015","format":false,"excerpt":"De felicitat. Feta del dia a dia de totes i tots. De just\u00edcia, veritat i reparaci\u00f3, com diuen les feministes sudamericanes. De llibertat i autogesti\u00f3. Vital, personal, col\u00b7lectiva. I ple d'amistats i amors i pau. Encara que sigui un t\u00f2pic, \u00e9s (o hauria de ser) un desig real i profund.\u2026","rel":"","context":"In &quot;El bloc de Caials&quot;","block_context":{"text":"El bloc de Caials","link":"https:\/\/caials.blog.pangea.org\/en\/category\/el-bloc-de-caials\/"},"img":{"alt_text":"","src":"https:\/\/i0.wp.com\/caials.blog.pangea.org\/files\/2014\/07\/PedresCaials.jpg?fit=720%2C480&ssl=1&resize=350%2C200","width":350,"height":200,"srcset":"https:\/\/i0.wp.com\/caials.blog.pangea.org\/files\/2014\/07\/PedresCaials.jpg?fit=720%2C480&ssl=1&resize=350%2C200 1x, https:\/\/i0.wp.com\/caials.blog.pangea.org\/files\/2014\/07\/PedresCaials.jpg?fit=720%2C480&ssl=1&resize=525%2C300 1.5x, https:\/\/i0.wp.com\/caials.blog.pangea.org\/files\/2014\/07\/PedresCaials.jpg?fit=720%2C480&ssl=1&resize=700%2C400 2x"},"classes":[]},{"id":318,"url":"https:\/\/caials.blog.pangea.org\/en\/pista-urbana-a-catalunyaplural-quin-es-el-subjecte-urba-de-les-nostres-ciutats\/","url_meta":{"origin":501,"position":5},"title":"(Catal\u00e0) Pista Urbana a @CatalunyaPlural: Quin es el subjecte urb\u00e0 de les nostres ciutats?","author":"caials","date":"Tuesday January 20th, 2015","format":false,"excerpt":"Sorry, this entry is only available in Catal\u00e0.","rel":"","context":"In &quot;Recomanacions&quot;","block_context":{"text":"Recomanacions","link":"https:\/\/caials.blog.pangea.org\/en\/category\/recomanacions\/"},"img":{"alt_text":"","src":"https:\/\/i0.wp.com\/caials.blog.pangea.org\/files\/2015\/04\/Patriarcadourbano_JaumeBadosa.jpg?fit=643%2C362&ssl=1&resize=350%2C200","width":350,"height":200,"srcset":"https:\/\/i0.wp.com\/caials.blog.pangea.org\/files\/2015\/04\/Patriarcadourbano_JaumeBadosa.jpg?fit=643%2C362&ssl=1&resize=350%2C200 1x, https:\/\/i0.wp.com\/caials.blog.pangea.org\/files\/2015\/04\/Patriarcadourbano_JaumeBadosa.jpg?fit=643%2C362&ssl=1&resize=525%2C300 1.5x"},"classes":[]}],"_links":{"self":[{"href":"https:\/\/caials.blog.pangea.org\/en\/wp-json\/wp\/v2\/posts\/501","targetHints":{"allow":["GET"]}}],"collection":[{"href":"https:\/\/caials.blog.pangea.org\/en\/wp-json\/wp\/v2\/posts"}],"about":[{"href":"https:\/\/caials.blog.pangea.org\/en\/wp-json\/wp\/v2\/types\/post"}],"author":[{"embeddable":true,"href":"https:\/\/caials.blog.pangea.org\/en\/wp-json\/wp\/v2\/users\/2457"}],"replies":[{"embeddable":true,"href":"https:\/\/caials.blog.pangea.org\/en\/wp-json\/wp\/v2\/comments?post=501"}],"version-history":[{"count":1,"href":"https:\/\/caials.blog.pangea.org\/en\/wp-json\/wp\/v2\/posts\/501\/revisions"}],"predecessor-version":[{"id":503,"href":"https:\/\/caials.blog.pangea.org\/en\/wp-json\/wp\/v2\/posts\/501\/revisions\/503"}],"wp:featuredmedia":[{"embeddable":true,"href":"https:\/\/caials.blog.pangea.org\/en\/wp-json\/wp\/v2\/media\/502"}],"wp:attachment":[{"href":"https:\/\/caials.blog.pangea.org\/en\/wp-json\/wp\/v2\/media?parent=501"}],"wp:term":[{"taxonomy":"category","embeddable":true,"href":"https:\/\/caials.blog.pangea.org\/en\/wp-json\/wp\/v2\/categories?post=501"},{"taxonomy":"post_tag","embeddable":true,"href":"https:\/\/caials.blog.pangea.org\/en\/wp-json\/wp\/v2\/tags?post=501"}],"curies":[{"name":"wp","href":"https:\/\/api.w.org\/{rel}","templated":true}]}}