{"id":507,"date":"2016-05-17T08:00:38","date_gmt":"2016-05-17T08:00:38","guid":{"rendered":"http:\/\/caials.blog.pangea.org\/?p=507"},"modified":"2016-05-17T08:00:38","modified_gmt":"2016-05-17T08:00:38","slug":"40-anys-de-feminismes-eldiario-es-catalunyaplural","status":"publish","type":"post","link":"https:\/\/caials.blog.pangea.org\/en\/40-anys-de-feminismes-eldiario-es-catalunyaplural\/","title":{"rendered":"ElDiario.es"},"content":{"rendered":"<p class=\"qtranxs-available-languages-message qtranxs-available-languages-message-en\">Sorry, this entry is only available in <a href=\"https:\/\/caials.blog.pangea.org\/ca\/wp-json\/wp\/v2\/posts\/507\" class=\"qtranxs-available-language-link qtranxs-available-language-link-ca\" title=\"Catal\u00e0\">Catal\u00e0<\/a> and <a href=\"https:\/\/caials.blog.pangea.org\/es\/wp-json\/wp\/v2\/posts\/507\" class=\"qtranxs-available-language-link qtranxs-available-language-link-es\" title=\"Espa\u00f1ol\">Espa\u00f1ol<\/a>.<\/p>","protected":false},"excerpt":{"rendered":"<p>Sorry, this entry is only available in Catal\u00e0 and Espa\u00f1ol.<\/p>\n","protected":false},"author":2457,"featured_media":510,"comment_status":"open","ping_status":"open","sticky":false,"template":"","format":"standard","meta":{"jetpack_post_was_ever_published":false,"_jetpack_newsletter_access":"","_jetpack_dont_email_post_to_subs":false,"_jetpack_newsletter_tier_id":0,"_jetpack_memberships_contains_paywalled_content":false,"_jetpack_memberships_contains_paid_content":false,"footnotes":"","jetpack_publicize_message":"","jetpack_publicize_feature_enabled":true,"jetpack_social_post_already_shared":true,"jetpack_social_options":{"image_generator_settings":{"template":"highway","default_image_id":0,"font":"","enabled":false},"version":2}},"categories":[25692],"tags":[601,25710,25695],"class_list":["post-507","post","type-post","status-publish","format-standard","has-post-thumbnail","hentry","category-el-bloc-de-caials","tag-articles","tag-collaboracions","tag-feminismes-2"],"jetpack_publicize_connections":[],"jetpack_featured_media_url":"https:\/\/i0.wp.com\/caials.blog.pangea.org\/files\/2016\/05\/CatalunyaPlural.jpg?fit=654%2C320&ssl=1","jetpack_shortlink":"https:\/\/wp.me\/p4TQKH-8b","jetpack_sharing_enabled":true,"jetpack-related-posts":[{"id":258,"url":"https:\/\/caials.blog.pangea.org\/en\/jornades-coms-que-son-ques-%e3%80%8bradicalitats-democratiques-des-dels-feminismes\/","url_meta":{"origin":507,"position":0},"title":"Jornades Coms que s\u00f3n qu\u00e8s \u300bRadicalitats democr\u00e0tiques des dels feminismes","author":"caials","date":"Monday October 13th, 2014","format":false,"excerpt":"La recomanaci\u00f3 d'aquesta setmana \u00e9s per a la jornada que l'1 de novembre es prepara a Ca la Dona. Neix del \"neguit\" d'un grup de dones per a \"debatre juntes i reflexionar sobre com fem que tot el nostre llegat de pr\u00e0ctiques,\u00a0 experi\u00e8ncies i relacions sigui un eix vertebrador de\u2026","rel":"","context":"In &quot;Recomanacions&quot;","block_context":{"text":"Recomanacions","link":"https:\/\/caials.blog.pangea.org\/en\/category\/recomanacions\/"},"img":{"alt_text":"","src":"https:\/\/i0.wp.com\/caials.blog.pangea.org\/files\/2014\/10\/wpid-cropped-512px-square_and_colors_a-svg.png?fit=270%2C270&ssl=1&resize=350%2C200","width":350,"height":200},"classes":[]},{"id":399,"url":"https:\/\/caials.blog.pangea.org\/en\/teixim-resistencies-construim-esperances-espais-de-llibertat\/","url_meta":{"origin":507,"position":1},"title":"(Catal\u00e0) Teixim resist\u00e8ncies, constru\u00efm esperances :: Espais de llibertat","author":"caials","date":"Tuesday May  5th, 2015","format":false,"excerpt":"Les Jornades \"Per una vida vivible en un m\u00f3n limitat\" van ser un punt de trobada de col\u00b7lectius feministes, ecofeministes i ecologistes, on vam poder entrecreuar mirades, formes de fer i experi\u00e8ncies, tot posant-nos en relaci\u00f3. A la web es recull el desenvolupament de les jornades i els v\u00eddeos de\u2026","rel":"","context":"In &quot;El bloc de Caials&quot;","block_context":{"text":"El bloc de Caials","link":"https:\/\/caials.blog.pangea.org\/en\/category\/el-bloc-de-caials\/"},"img":{"alt_text":"","src":"https:\/\/i0.wp.com\/caials.blog.pangea.org\/files\/2015\/05\/TeiximResistencies.jpg?fit=428%2C271&ssl=1&resize=350%2C200","width":350,"height":200},"classes":[]},{"id":459,"url":"https:\/\/caials.blog.pangea.org\/en\/els-nostres-cossos-les-nostres-vides-jornades-internacionals\/","url_meta":{"origin":507,"position":2},"title":"(Catal\u00e0) Els nostres cossos, les nostres vides : Jornades Internacionals","author":"caials","date":"Tuesday September  8th, 2015","format":false,"excerpt":"Sorry, this entry is only available in Catal\u00e0.","rel":"","context":"In &quot;Recomanacions&quot;","block_context":{"text":"Recomanacions","link":"https:\/\/caials.blog.pangea.org\/en\/category\/recomanacions\/"},"img":{"alt_text":"NostresCossosVides","src":"https:\/\/i0.wp.com\/caials.blog.pangea.org\/files\/2015\/08\/NostresCossosVides-300x273.jpg?resize=350%2C200","width":350,"height":200},"classes":[]},{"id":358,"url":"https:\/\/caials.blog.pangea.org\/en\/3a-jornada-ddipas-construim-equitat-de-genere-des-de-laccio-social\/","url_meta":{"origin":507,"position":3},"title":"3\u00aa Jornada DDiPAS: \u2018Constru\u00efm equitat de g\u00e8nere des de l\u2019acci\u00f3 social\u2019","author":"caials","date":"Friday February 27th, 2015","format":false,"excerpt":"La xarxa de Dones Directives i Professionals de l'Acci\u00f3 Social, com elles mateixes expliquen a la seva web, \u00e9s \"un espai impulsat per ECAS (federaci\u00f3 d\u2019Entitats Catalanes d\u2019Acci\u00f3 Social) amb l\u2019objectiu de potenciar la pres\u00e8ncia i la visibilitat de les dones a les organitzacions del tercer sector social\". El 26\u2026","rel":"","context":"In &quot;Projectes&quot;","block_context":{"text":"Projectes","link":"https:\/\/caials.blog.pangea.org\/en\/category\/projectes\/"},"img":{"alt_text":"","src":"https:\/\/i0.wp.com\/caials.blog.pangea.org\/files\/2015\/02\/3sJornadesDDiPAS.jpg?fit=750%2C841&ssl=1&resize=350%2C200","width":350,"height":200,"srcset":"https:\/\/i0.wp.com\/caials.blog.pangea.org\/files\/2015\/02\/3sJornadesDDiPAS.jpg?fit=750%2C841&ssl=1&resize=350%2C200 1x, https:\/\/i0.wp.com\/caials.blog.pangea.org\/files\/2015\/02\/3sJornadesDDiPAS.jpg?fit=750%2C841&ssl=1&resize=525%2C300 1.5x, https:\/\/i0.wp.com\/caials.blog.pangea.org\/files\/2015\/02\/3sJornadesDDiPAS.jpg?fit=750%2C841&ssl=1&resize=700%2C400 2x"},"classes":[]},{"id":447,"url":"https:\/\/caials.blog.pangea.org\/en\/the-cost-of-inequality-in-womens-work-nuria-molina-i-actionaid\/","url_meta":{"origin":507,"position":4},"title":"The cost of inequality in Women&#8217;s Work : N\u00faria Molina i ActionAid","author":"caials","date":"Wednesday July 15th, 2015","format":false,"excerpt":"Avui, recupero un article de N\u00faria Molina (amiga de Rub\u00ed) a www.SocialEurope.eu. L'article, del gener, resumeix la recerca duta a terme per ActionAid entorn el cost que t\u00e9 la desigualtat pel treball de les dones. La cerca es presenta aquest cap de setmana (16 a 18 de juliol) al congr\u00e9s\u2026","rel":"","context":"In &quot;Recomanacions&quot;","block_context":{"text":"Recomanacions","link":"https:\/\/caials.blog.pangea.org\/en\/category\/recomanacions\/"},"img":{"alt_text":"ActionAid_CostofInequality","src":"https:\/\/i0.wp.com\/caials.blog.pangea.org\/files\/2015\/07\/ActionAid_CostofInequality-263x300.jpg?resize=350%2C200","width":350,"height":200},"classes":[]},{"id":304,"url":"https:\/\/caials.blog.pangea.org\/en\/vols-fer-hi-una-ullada\/","url_meta":{"origin":507,"position":5},"title":"(Catal\u00e0) Vols fer-hi una ullada?","author":"caials","date":"Tuesday January 13th, 2015","format":false,"excerpt":"Caials porta poc m\u00e9s de 3 mesos en funcionament. \u00c9s un plaer compartir amb vosaltres els projectes en marxa i els realitzats fins el moment. Els trobareu a l'apartat Experi\u00e8ncia d'aquest web, tot just acabat d'actualitzar. \u00c9s il\u00b7lusionant iniciar col\u00b7laboracions en projectes tan diversos. Els aprenentatges i les experi\u00e8ncies es\u2026","rel":"","context":"In &quot;Projectes&quot;","block_context":{"text":"Projectes","link":"https:\/\/caials.blog.pangea.org\/en\/category\/projectes\/"},"img":{"alt_text":"","src":"https:\/\/i0.wp.com\/caials.blog.pangea.org\/files\/2015\/01\/4648493891_fd575ca9c8_z.jpg?fit=640%2C427&ssl=1&resize=350%2C200","width":350,"height":200,"srcset":"https:\/\/i0.wp.com\/caials.blog.pangea.org\/files\/2015\/01\/4648493891_fd575ca9c8_z.jpg?fit=640%2C427&ssl=1&resize=350%2C200 1x, https:\/\/i0.wp.com\/caials.blog.pangea.org\/files\/2015\/01\/4648493891_fd575ca9c8_z.jpg?fit=640%2C427&ssl=1&resize=525%2C300 1.5x"},"classes":[]}],"_links":{"self":[{"href":"https:\/\/caials.blog.pangea.org\/en\/wp-json\/wp\/v2\/posts\/507","targetHints":{"allow":["GET"]}}],"collection":[{"href":"https:\/\/caials.blog.pangea.org\/en\/wp-json\/wp\/v2\/posts"}],"about":[{"href":"https:\/\/caials.blog.pangea.org\/en\/wp-json\/wp\/v2\/types\/post"}],"author":[{"embeddable":true,"href":"https:\/\/caials.blog.pangea.org\/en\/wp-json\/wp\/v2\/users\/2457"}],"replies":[{"embeddable":true,"href":"https:\/\/caials.blog.pangea.org\/en\/wp-json\/wp\/v2\/comments?post=507"}],"version-history":[{"count":6,"href":"https:\/\/caials.blog.pangea.org\/en\/wp-json\/wp\/v2\/posts\/507\/revisions"}],"predecessor-version":[{"id":514,"href":"https:\/\/caials.blog.pangea.org\/en\/wp-json\/wp\/v2\/posts\/507\/revisions\/514"}],"wp:featuredmedia":[{"embeddable":true,"href":"https:\/\/caials.blog.pangea.org\/en\/wp-json\/wp\/v2\/media\/510"}],"wp:attachment":[{"href":"https:\/\/caials.blog.pangea.org\/en\/wp-json\/wp\/v2\/media?parent=507"}],"wp:term":[{"taxonomy":"category","embeddable":true,"href":"https:\/\/caials.blog.pangea.org\/en\/wp-json\/wp\/v2\/categories?post=507"},{"taxonomy":"post_tag","embeddable":true,"href":"https:\/\/caials.blog.pangea.org\/en\/wp-json\/wp\/v2\/tags?post=507"}],"curies":[{"name":"wp","href":"https:\/\/api.w.org\/{rel}","templated":true}]}}