{"id":197,"date":"2014-09-05T09:44:10","date_gmt":"2014-09-05T09:44:10","guid":{"rendered":"http:\/\/caials.blog.pangea.org\/?p=197"},"modified":"2015-02-23T18:03:23","modified_gmt":"2015-02-23T18:03:23","slug":"ii-edicio-del-programa-demprenedores-de-calala","status":"publish","type":"post","link":"https:\/\/caials.blog.pangea.org\/es\/ii-edicio-del-programa-demprenedores-de-calala\/","title":{"rendered":"II Edici\u00f3 del Programa d&#8217;Emprenedores de Calala"},"content":{"rendered":"<p><\/p>\n<p style=\"text-align: left\"><a href=\"http:\/\/www.calala.org\/calala-3\/?lang=ca\" target=\"_blank\">Calala<\/a><a href=\"http:\/\/www.calala.org\/calala-3\/?lang=ca\" target=\"_blank\"><img data-recalc-dims=\"1\" loading=\"lazy\" decoding=\"async\" data-attachment-id=\"198\" data-permalink=\"https:\/\/caials.blog.pangea.org\/es\/ii-edicio-del-programa-demprenedores-de-calala\/calala_emprenedores\/\" data-orig-file=\"https:\/\/i0.wp.com\/caials.blog.pangea.org\/files\/2014\/09\/Calala_emprenedores-e1409910413588.jpg?fit=300%2C133&amp;ssl=1\" data-orig-size=\"300,133\" data-comments-opened=\"1\" data-image-meta=\"{&quot;aperture&quot;:&quot;0&quot;,&quot;credit&quot;:&quot;&quot;,&quot;camera&quot;:&quot;&quot;,&quot;caption&quot;:&quot;&quot;,&quot;created_timestamp&quot;:&quot;0&quot;,&quot;copyright&quot;:&quot;&quot;,&quot;focal_length&quot;:&quot;0&quot;,&quot;iso&quot;:&quot;0&quot;,&quot;shutter_speed&quot;:&quot;0&quot;,&quot;title&quot;:&quot;&quot;}\" data-image-title=\"Calala_emprenedores\" data-image-description=\"\" data-image-caption=\"\" data-large-file=\"https:\/\/i0.wp.com\/caials.blog.pangea.org\/files\/2014\/09\/Calala_emprenedores-e1409910413588.jpg?fit=530%2C234&amp;ssl=1\" class=\"alignleft wp-image-198 size-medium\" src=\"https:\/\/i0.wp.com\/caials.blog.pangea.org\/files\/2014\/09\/Calala_emprenedores-300x132.jpg?resize=300%2C132\" alt=\"Calala_emprenedores\" width=\"300\" height=\"132\" \/><\/a> \u00e9s un Fons de Dones d&#8217;\u00e0mbit estatal que promou els drets, la participaci\u00f3 i l&#8217;apoderament de les dones.<\/p>\n<p>Entre les seves activitats trobem el Programa d&#8217;Emprenedores.<\/p>\n<p>La seva segona edici\u00f3 \u00e9s a punt de comen\u00e7ar! Us hi podeu inscriure <a href=\"http:\/\/www.calala.org\/2014\/09\/obrim-la-inscripcio-per-al-programa-demprenedores-centrat-en-l-emprenedoria-cooperativa\/?lang=ca\" target=\"_blank\">aqu\u00ed<\/a>.<\/p>\n<p>Podeu seguir l&#8217;activitat de Calala a la <a href=\"http:\/\/www.calala.org\" target=\"_blank\">www.calala.org<\/a> i, tamb\u00e9, al seu perfil del <a href=\"https:\/\/www.facebook.com\/CalalaFondo\" target=\"_blank\">facebook<\/a>.<\/p>","protected":false},"excerpt":{"rendered":"<p>Calala \u00e9s un Fons de Dones d&#8217;\u00e0mbit estatal que promou els drets, la participaci\u00f3 i l&#8217;apoderament de les dones. Entre les seves activitats trobem el Programa d&#8217;Emprenedores. La seva segona edici\u00f3 \u00e9s a punt de comen\u00e7ar! Us hi podeu inscriure <a class=\"more-link\" href=\"https:\/\/caials.blog.pangea.org\/es\/ii-edicio-del-programa-demprenedores-de-calala\/\">Seguir leyendo <span class=\"screen-reader-text\">  II Edici\u00f3 del Programa d&#8217;Emprenedores de Calala<\/span><span class=\"meta-nav\">&rarr;<\/span><\/a><\/p>\n","protected":false},"author":2457,"featured_media":198,"comment_status":"open","ping_status":"open","sticky":false,"template":"","format":"standard","meta":{"jetpack_post_was_ever_published":false,"_jetpack_newsletter_access":"","_jetpack_dont_email_post_to_subs":false,"_jetpack_newsletter_tier_id":0,"_jetpack_memberships_contains_paywalled_content":false,"_jetpack_memberships_contains_paid_content":false,"footnotes":"","jetpack_publicize_message":"","jetpack_publicize_feature_enabled":true,"jetpack_social_post_already_shared":true,"jetpack_social_options":{"image_generator_settings":{"template":"highway","default_image_id":0,"font":"","enabled":false},"version":2}},"categories":[3888],"tags":[25717,25695],"class_list":["post-197","post","type-post","status-publish","format-standard","has-post-thumbnail","hentry","category-recomanacions","tag-calala","tag-feminismes-2"],"jetpack_publicize_connections":[],"jetpack_featured_media_url":"https:\/\/i0.wp.com\/caials.blog.pangea.org\/files\/2014\/09\/Calala_emprenedores-e1409910413588.jpg?fit=300%2C133&ssl=1","jetpack_shortlink":"https:\/\/wp.me\/p4TQKH-3b","jetpack_sharing_enabled":true,"jetpack-related-posts":[{"id":456,"url":"https:\/\/caials.blog.pangea.org\/es\/curs-les-transformacions-en-els-treballs-des-dels-drets\/","url_meta":{"origin":197,"position":0},"title":"(Catal\u00e0) Curs: les transformacions en els treballs, des dels drets.","author":"caials","date":"04 de agosto de 2015","format":false,"excerpt":"Disculpa, pero esta entrada est\u00e1 disponible s\u00f3lo en Catal\u00e0.","rel":"","context":"En \u00abRecomanacions\u00bb","block_context":{"text":"Recomanacions","link":"https:\/\/caials.blog.pangea.org\/es\/category\/recomanacions\/"},"img":{"alt_text":"","src":"https:\/\/i0.wp.com\/observatoridesc.org\/sites\/default\/files\/imagecache\/300x200\/meme10anyscursdretssocials_0.jpg?resize=350%2C200","width":350,"height":200},"classes":[]},{"id":464,"url":"https:\/\/caials.blog.pangea.org\/es\/contramemoria-oblidem-loblit\/","url_meta":{"origin":197,"position":1},"title":"Contramem\u00f2ria: Oblidem l&#8217;Oblit","author":"caials","date":"28 de agosto de 2015","format":false,"excerpt":"Les amigues de la FEMART envien aquesta not\u00edcia. Amb ella, aprofito per a difondre la convocat\u00f2ria per a la presentaci\u00f3 d'obres a la propera Mostra: \"JOSE MARIA CARRASCO, director i presentador del programa de r\u00e0dio \"Prefer\u00e8ncies\" (RNE Catalunya\/R\u00e0dio 4) ha convidat a l'equip de la Mostra FEM ART a presentar\u2026","rel":"","context":"En \u00abRecomanacions\u00bb","block_context":{"text":"Recomanacions","link":"https:\/\/caials.blog.pangea.org\/es\/category\/recomanacions\/"},"img":{"alt_text":"","src":"","width":0,"height":0},"classes":[]},{"id":243,"url":"https:\/\/caials.blog.pangea.org\/es\/25-anys-de-dones-juristes\/","url_meta":{"origin":197,"position":2},"title":"(Catal\u00e0) 25 anys de Dones Juristes","author":"caials","date":"25 de septiembre de 2014","format":false,"excerpt":"L\u2019Associaci\u00f3 Dones Juristes compleix 25 anys! Com elles mateixes expressen a la seva web: s\u00f3n \" 25 anys d\u2019hist\u00f2ria i de lluita pels drets de les dones i, per celebrar-ho, ha preparat un nodrit programa d\u2019actes diversos que es portaran a terme al llarg del mes d\u2019octubre. Cadascun d\u2019ells tindr\u00e0\u2026","rel":"","context":"En \u00abRecomanacions\u00bb","block_context":{"text":"Recomanacions","link":"https:\/\/caials.blog.pangea.org\/es\/category\/recomanacions\/"},"img":{"alt_text":"25aDonesJuristes","src":"https:\/\/i0.wp.com\/caials.blog.pangea.org\/files\/2014\/09\/25aDonesJuristes.jpg?resize=350%2C200","width":350,"height":200,"srcset":"https:\/\/i0.wp.com\/caials.blog.pangea.org\/files\/2014\/09\/25aDonesJuristes.jpg?resize=350%2C200 1x, https:\/\/i0.wp.com\/caials.blog.pangea.org\/files\/2014\/09\/25aDonesJuristes.jpg?resize=525%2C300 1.5x, https:\/\/i0.wp.com\/caials.blog.pangea.org\/files\/2014\/09\/25aDonesJuristes.jpg?resize=700%2C400 2x, https:\/\/i0.wp.com\/caials.blog.pangea.org\/files\/2014\/09\/25aDonesJuristes.jpg?resize=1050%2C600 3x"},"classes":[]},{"id":318,"url":"https:\/\/caials.blog.pangea.org\/es\/pista-urbana-a-catalunyaplural-quin-es-el-subjecte-urba-de-les-nostres-ciutats\/","url_meta":{"origin":197,"position":3},"title":"Pista Urbana en @CatalunyaPlural: \u00bfCu\u00e1l es el sujeto urbano de nuestras ciudades?","author":"caials","date":"20 de enero de 2015","format":false,"excerpt":"Disculpa, pero esta entrada est\u00e1 disponible s\u00f3lo en Catal\u00e0.","rel":"","context":"En \u00abRecomanacions\u00bb","block_context":{"text":"Recomanacions","link":"https:\/\/caials.blog.pangea.org\/es\/category\/recomanacions\/"},"img":{"alt_text":"","src":"https:\/\/i0.wp.com\/caials.blog.pangea.org\/files\/2015\/04\/Patriarcadourbano_JaumeBadosa.jpg?fit=643%2C362&ssl=1&resize=350%2C200","width":350,"height":200,"srcset":"https:\/\/i0.wp.com\/caials.blog.pangea.org\/files\/2015\/04\/Patriarcadourbano_JaumeBadosa.jpg?fit=643%2C362&ssl=1&resize=350%2C200 1x, https:\/\/i0.wp.com\/caials.blog.pangea.org\/files\/2015\/04\/Patriarcadourbano_JaumeBadosa.jpg?fit=643%2C362&ssl=1&resize=525%2C300 1.5x"},"classes":[]},{"id":358,"url":"https:\/\/caials.blog.pangea.org\/es\/3a-jornada-ddipas-construim-equitat-de-genere-des-de-laccio-social\/","url_meta":{"origin":197,"position":4},"title":"3\u00aa Jornada DDiPAS: \u2018Constru\u00efm equitat de g\u00e8nere des de l\u2019acci\u00f3 social\u2019","author":"caials","date":"27 de febrero de 2015","format":false,"excerpt":"La xarxa de Dones Directives i Professionals de l'Acci\u00f3 Social, com elles mateixes expliquen a la seva web, \u00e9s \"un espai impulsat per ECAS (federaci\u00f3 d\u2019Entitats Catalanes d\u2019Acci\u00f3 Social) amb l\u2019objectiu de potenciar la pres\u00e8ncia i la visibilitat de les dones a les organitzacions del tercer sector social\". El 26\u2026","rel":"","context":"En \u00abProjectes\u00bb","block_context":{"text":"Projectes","link":"https:\/\/caials.blog.pangea.org\/es\/category\/projectes\/"},"img":{"alt_text":"","src":"https:\/\/i0.wp.com\/caials.blog.pangea.org\/files\/2015\/02\/3sJornadesDDiPAS.jpg?fit=750%2C841&ssl=1&resize=350%2C200","width":350,"height":200,"srcset":"https:\/\/i0.wp.com\/caials.blog.pangea.org\/files\/2015\/02\/3sJornadesDDiPAS.jpg?fit=750%2C841&ssl=1&resize=350%2C200 1x, https:\/\/i0.wp.com\/caials.blog.pangea.org\/files\/2015\/02\/3sJornadesDDiPAS.jpg?fit=750%2C841&ssl=1&resize=525%2C300 1.5x, https:\/\/i0.wp.com\/caials.blog.pangea.org\/files\/2015\/02\/3sJornadesDDiPAS.jpg?fit=750%2C841&ssl=1&resize=700%2C400 2x"},"classes":[]},{"id":370,"url":"https:\/\/caials.blog.pangea.org\/es\/v-congres-estatal-deconomia-feminista-vic-2-3-i-4-de-juliol\/","url_meta":{"origin":197,"position":5},"title":"V Congreso Estatal de Economia Feminista &#8211; Vic &#8211; 2, 3 i 4 de juliol","author":"caials","date":"10 de marzo de 2015","format":false,"excerpt":"L'octubre de 2013, el IV\u00a0Congreso Estatal de Economia Feminista\u00a0 organitzat des de la Universidad Pablo de Olavide va ser tot un esdeveniment\u00a0pels feminismes (i esperem que tamb\u00e9 pel m\u00f3n de l'economia)\u00a0on hi van participar m\u00e9s de 300 persones de l'acad\u00e8mia i l'activisme. Enguany, la Universitat de Vic \u00e9s l'encarregada de\u2026","rel":"","context":"En \u00abRecomanacions\u00bb","block_context":{"text":"Recomanacions","link":"https:\/\/caials.blog.pangea.org\/es\/category\/recomanacions\/"},"img":{"alt_text":"","src":"","width":0,"height":0},"classes":[]}],"_links":{"self":[{"href":"https:\/\/caials.blog.pangea.org\/es\/wp-json\/wp\/v2\/posts\/197","targetHints":{"allow":["GET"]}}],"collection":[{"href":"https:\/\/caials.blog.pangea.org\/es\/wp-json\/wp\/v2\/posts"}],"about":[{"href":"https:\/\/caials.blog.pangea.org\/es\/wp-json\/wp\/v2\/types\/post"}],"author":[{"embeddable":true,"href":"https:\/\/caials.blog.pangea.org\/es\/wp-json\/wp\/v2\/users\/2457"}],"replies":[{"embeddable":true,"href":"https:\/\/caials.blog.pangea.org\/es\/wp-json\/wp\/v2\/comments?post=197"}],"version-history":[{"count":4,"href":"https:\/\/caials.blog.pangea.org\/es\/wp-json\/wp\/v2\/posts\/197\/revisions"}],"predecessor-version":[{"id":355,"href":"https:\/\/caials.blog.pangea.org\/es\/wp-json\/wp\/v2\/posts\/197\/revisions\/355"}],"wp:featuredmedia":[{"embeddable":true,"href":"https:\/\/caials.blog.pangea.org\/es\/wp-json\/wp\/v2\/media\/198"}],"wp:attachment":[{"href":"https:\/\/caials.blog.pangea.org\/es\/wp-json\/wp\/v2\/media?parent=197"}],"wp:term":[{"taxonomy":"category","embeddable":true,"href":"https:\/\/caials.blog.pangea.org\/es\/wp-json\/wp\/v2\/categories?post=197"},{"taxonomy":"post_tag","embeddable":true,"href":"https:\/\/caials.blog.pangea.org\/es\/wp-json\/wp\/v2\/tags?post=197"}],"curies":[{"name":"wp","href":"https:\/\/api.w.org\/{rel}","templated":true}]}}