{"id":243,"date":"2014-09-25T12:32:40","date_gmt":"2014-09-25T12:32:40","guid":{"rendered":"http:\/\/caials.blog.pangea.org\/?p=243"},"modified":"2015-09-04T11:29:25","modified_gmt":"2015-09-04T11:29:25","slug":"25-anys-de-dones-juristes","status":"publish","type":"post","link":"https:\/\/caials.blog.pangea.org\/es\/25-anys-de-dones-juristes\/","title":{"rendered":"(Catal\u00e0) 25 anys de Dones Juristes"},"content":{"rendered":"<p class=\"qtranxs-available-languages-message qtranxs-available-languages-message-es\">Disculpa, pero esta entrada est\u00e1 disponible s\u00f3lo en <a href=\"https:\/\/caials.blog.pangea.org\/ca\/wp-json\/wp\/v2\/posts\/243\" class=\"qtranxs-available-language-link qtranxs-available-language-link-ca\" title=\"Catal\u00e0\">Catal\u00e0<\/a>.<\/p>","protected":false},"excerpt":{"rendered":"<p>Disculpa, pero esta entrada est\u00e1 disponible s\u00f3lo en Catal\u00e0.<\/p>\n","protected":false},"author":2457,"featured_media":0,"comment_status":"open","ping_status":"open","sticky":false,"template":"","format":"standard","meta":{"jetpack_post_was_ever_published":false,"_jetpack_newsletter_access":"","_jetpack_dont_email_post_to_subs":false,"_jetpack_newsletter_tier_id":0,"_jetpack_memberships_contains_paywalled_content":false,"_jetpack_memberships_contains_paid_content":false,"footnotes":"","jetpack_publicize_message":"","jetpack_publicize_feature_enabled":true,"jetpack_social_post_already_shared":true,"jetpack_social_options":{"image_generator_settings":{"template":"highway","default_image_id":0,"font":"","enabled":false},"version":2}},"categories":[3888],"tags":[25711,25699],"class_list":["post-243","post","type-post","status-publish","format-standard","hentry","category-recomanacions","tag-dones-juristes","tag-hi-participem"],"jetpack_publicize_connections":[],"jetpack_featured_media_url":"","jetpack_shortlink":"https:\/\/wp.me\/p4TQKH-3V","jetpack_sharing_enabled":true,"jetpack-related-posts":[{"id":456,"url":"https:\/\/caials.blog.pangea.org\/es\/curs-les-transformacions-en-els-treballs-des-dels-drets\/","url_meta":{"origin":243,"position":0},"title":"(Catal\u00e0) Curs: les transformacions en els treballs, des dels drets.","author":"caials","date":"04 de agosto de 2015","format":false,"excerpt":"Disculpa, pero esta entrada est\u00e1 disponible s\u00f3lo en Catal\u00e0.","rel":"","context":"En \u00abRecomanacions\u00bb","block_context":{"text":"Recomanacions","link":"https:\/\/caials.blog.pangea.org\/es\/category\/recomanacions\/"},"img":{"alt_text":"","src":"https:\/\/i0.wp.com\/observatoridesc.org\/sites\/default\/files\/imagecache\/300x200\/meme10anyscursdretssocials_0.jpg?resize=350%2C200","width":350,"height":200},"classes":[]},{"id":304,"url":"https:\/\/caials.blog.pangea.org\/es\/vols-fer-hi-una-ullada\/","url_meta":{"origin":243,"position":1},"title":"Le echas un ojo?","author":"caials","date":"13 de enero de 2015","format":false,"excerpt":"Caials porta poc m\u00e9s de 3 mesos en funcionament. \u00c9s un plaer compartir amb vosaltres els projectes en marxa i els realitzats fins el moment. Els trobareu a l'apartat Experi\u00e8ncia d'aquest web, tot just acabat d'actualitzar. \u00c9s il\u00b7lusionant iniciar col\u00b7laboracions en projectes tan diversos. Els aprenentatges i les experi\u00e8ncies es\u2026","rel":"","context":"En \u00abProjectes\u00bb","block_context":{"text":"Projectes","link":"https:\/\/caials.blog.pangea.org\/es\/category\/projectes\/"},"img":{"alt_text":"","src":"https:\/\/i0.wp.com\/caials.blog.pangea.org\/files\/2015\/01\/4648493891_fd575ca9c8_z.jpg?fit=640%2C427&ssl=1&resize=350%2C200","width":350,"height":200,"srcset":"https:\/\/i0.wp.com\/caials.blog.pangea.org\/files\/2015\/01\/4648493891_fd575ca9c8_z.jpg?fit=640%2C427&ssl=1&resize=350%2C200 1x, https:\/\/i0.wp.com\/caials.blog.pangea.org\/files\/2015\/01\/4648493891_fd575ca9c8_z.jpg?fit=640%2C427&ssl=1&resize=525%2C300 1.5x"},"classes":[]},{"id":197,"url":"https:\/\/caials.blog.pangea.org\/es\/ii-edicio-del-programa-demprenedores-de-calala\/","url_meta":{"origin":243,"position":2},"title":"II Edici\u00f3 del Programa d&#8217;Emprenedores de Calala","author":"caials","date":"05 de septiembre de 2014","format":false,"excerpt":"Calala \u00e9s un Fons de Dones d'\u00e0mbit estatal que promou els drets, la participaci\u00f3 i l'apoderament de les dones. Entre les seves activitats trobem el Programa d'Emprenedores. La seva segona edici\u00f3 \u00e9s a punt de comen\u00e7ar! Us hi podeu inscriure aqu\u00ed. Podeu seguir l'activitat de Calala a la www.calala.org i,\u2026","rel":"","context":"En \u00abRecomanacions\u00bb","block_context":{"text":"Recomanacions","link":"https:\/\/caials.blog.pangea.org\/es\/category\/recomanacions\/"},"img":{"alt_text":"Calala_emprenedores","src":"https:\/\/i0.wp.com\/caials.blog.pangea.org\/files\/2014\/09\/Calala_emprenedores-300x132.jpg?resize=350%2C200","width":350,"height":200},"classes":[]},{"id":464,"url":"https:\/\/caials.blog.pangea.org\/es\/contramemoria-oblidem-loblit\/","url_meta":{"origin":243,"position":3},"title":"Contramem\u00f2ria: Oblidem l&#8217;Oblit","author":"caials","date":"28 de agosto de 2015","format":false,"excerpt":"Les amigues de la FEMART envien aquesta not\u00edcia. Amb ella, aprofito per a difondre la convocat\u00f2ria per a la presentaci\u00f3 d'obres a la propera Mostra: \"JOSE MARIA CARRASCO, director i presentador del programa de r\u00e0dio \"Prefer\u00e8ncies\" (RNE Catalunya\/R\u00e0dio 4) ha convidat a l'equip de la Mostra FEM ART a presentar\u2026","rel":"","context":"En \u00abRecomanacions\u00bb","block_context":{"text":"Recomanacions","link":"https:\/\/caials.blog.pangea.org\/es\/category\/recomanacions\/"},"img":{"alt_text":"","src":"","width":0,"height":0},"classes":[]},{"id":219,"url":"https:\/\/caials.blog.pangea.org\/es\/28desetembre-avortament\/","url_meta":{"origin":243,"position":4},"title":"drets sexuals i reproductius i dret a decidir","author":"caials","date":"24 de septiembre de 2014","format":false,"excerpt":"Portem anys d'agitaci\u00f3 entorn l'avortament i, des de ja fa un parell d'anys davant les not\u00edcies, ara si i ara no, d'una reforma de la Llei de Drets Sexuals i Reproductius i de la Interrupci\u00f3 Volunt\u00e0ria de l'Embar\u00e0s aprovada el 2010. El projecte de l'ara ja ex-ministre de Just\u00edcia, Alberto\u2026","rel":"","context":"En \u00abNo t'ho perdis\u00bb","block_context":{"text":"No t'ho perdis","link":"https:\/\/caials.blog.pangea.org\/es\/category\/no-tho-perdis\/"},"img":{"alt_text":"GALLARDON_1","src":"https:\/\/i0.wp.com\/caials.blog.pangea.org\/files\/2014\/09\/GALLARDON_1.jpg?resize=350%2C200","width":350,"height":200},"classes":[]},{"id":318,"url":"https:\/\/caials.blog.pangea.org\/es\/pista-urbana-a-catalunyaplural-quin-es-el-subjecte-urba-de-les-nostres-ciutats\/","url_meta":{"origin":243,"position":5},"title":"Pista Urbana en @CatalunyaPlural: \u00bfCu\u00e1l es el sujeto urbano de nuestras ciudades?","author":"caials","date":"20 de enero de 2015","format":false,"excerpt":"Disculpa, pero esta entrada est\u00e1 disponible s\u00f3lo en Catal\u00e0.","rel":"","context":"En \u00abRecomanacions\u00bb","block_context":{"text":"Recomanacions","link":"https:\/\/caials.blog.pangea.org\/es\/category\/recomanacions\/"},"img":{"alt_text":"","src":"https:\/\/i0.wp.com\/caials.blog.pangea.org\/files\/2015\/04\/Patriarcadourbano_JaumeBadosa.jpg?fit=643%2C362&ssl=1&resize=350%2C200","width":350,"height":200,"srcset":"https:\/\/i0.wp.com\/caials.blog.pangea.org\/files\/2015\/04\/Patriarcadourbano_JaumeBadosa.jpg?fit=643%2C362&ssl=1&resize=350%2C200 1x, https:\/\/i0.wp.com\/caials.blog.pangea.org\/files\/2015\/04\/Patriarcadourbano_JaumeBadosa.jpg?fit=643%2C362&ssl=1&resize=525%2C300 1.5x"},"classes":[]}],"_links":{"self":[{"href":"https:\/\/caials.blog.pangea.org\/es\/wp-json\/wp\/v2\/posts\/243","targetHints":{"allow":["GET"]}}],"collection":[{"href":"https:\/\/caials.blog.pangea.org\/es\/wp-json\/wp\/v2\/posts"}],"about":[{"href":"https:\/\/caials.blog.pangea.org\/es\/wp-json\/wp\/v2\/types\/post"}],"author":[{"embeddable":true,"href":"https:\/\/caials.blog.pangea.org\/es\/wp-json\/wp\/v2\/users\/2457"}],"replies":[{"embeddable":true,"href":"https:\/\/caials.blog.pangea.org\/es\/wp-json\/wp\/v2\/comments?post=243"}],"version-history":[{"count":1,"href":"https:\/\/caials.blog.pangea.org\/es\/wp-json\/wp\/v2\/posts\/243\/revisions"}],"predecessor-version":[{"id":245,"href":"https:\/\/caials.blog.pangea.org\/es\/wp-json\/wp\/v2\/posts\/243\/revisions\/245"}],"wp:attachment":[{"href":"https:\/\/caials.blog.pangea.org\/es\/wp-json\/wp\/v2\/media?parent=243"}],"wp:term":[{"taxonomy":"category","embeddable":true,"href":"https:\/\/caials.blog.pangea.org\/es\/wp-json\/wp\/v2\/categories?post=243"},{"taxonomy":"post_tag","embeddable":true,"href":"https:\/\/caials.blog.pangea.org\/es\/wp-json\/wp\/v2\/tags?post=243"}],"curies":[{"name":"wp","href":"https:\/\/api.w.org\/{rel}","templated":true}]}}