{"id":258,"date":"2014-10-13T13:47:18","date_gmt":"2014-10-13T13:47:18","guid":{"rendered":"http:\/\/caials.blog.pangea.org\/ca\/?p=258"},"modified":"2015-09-04T11:29:05","modified_gmt":"2015-09-04T11:29:05","slug":"jornades-coms-que-son-ques-%e3%80%8bradicalitats-democratiques-des-dels-feminismes","status":"publish","type":"post","link":"https:\/\/caials.blog.pangea.org\/es\/jornades-coms-que-son-ques-%e3%80%8bradicalitats-democratiques-des-dels-feminismes\/","title":{"rendered":"Jornades Coms que s\u00f3n qu\u00e8s \u300bRadicalitats democr\u00e0tiques des dels feminismes"},"content":{"rendered":"<p><\/p>\n<p><a href=\"https:\/\/i0.wp.com\/caials.blog.pangea.org\/files\/2014\/10\/wpid-cropped-512px-square_and_colors_a-svg1.png\"><img data-recalc-dims=\"1\" decoding=\"async\" title=\"cropped-400px-square_and_colors_a-svg.png\" class=\"alignleft size-full\" alt=\"image\" src=\"https:\/\/i0.wp.com\/caials.blog.pangea.org\/files\/2014\/10\/wpid-cropped-512px-square_and_colors_a-svg1.png?w=530\" \/><\/a><\/p>\n<p>La recomanaci\u00f3 d&#8217;aquesta setmana \u00e9s per a la jornada que l&#8217;1 de novembre es prepara a <a href=\"http:\/\/www.caladona.org\">Ca la Dona<\/a>.<br \/>\nNeix del \u00abneguit\u00bb d&#8217;un grup de dones per a \u00abdebatre juntes i reflexionar sobre com fem que tot el nostre llegat de pr\u00e0ctiques,&nbsp; experi\u00e8ncies i relacions sigui un eix vertebrador de les noves propostes de transformaci\u00f3 social i no quedi una vegada m\u00e9s fora o minimitzat\u00bb<\/p>\n<p>\u00abpol\u00edtica de la relaci\u00f3,&nbsp; despatriarcalitzaci\u00f3, igualtat,&nbsp; equitat,&nbsp; difer\u00e8ncia,&nbsp; autoritat,&nbsp; comprom\u00eds,&nbsp; interdepend\u00e8ncia&#8230; Si volem que l&#8217;\u00e8poca que entre totes i tots estem creant se submergeixi en els feminismes, tenim molta feina per davant\u00bb<\/p>\n<p>Informaci\u00f3 i inscripcions al bloc <a href=\"http:\/\/feminismesradicalitatsdemocratiques.wordpress.com\">feminismesradicalitatsdemocratiques.wordpress.com<\/a><\/p>","protected":false},"excerpt":{"rendered":"<p>La recomanaci\u00f3 d&#8217;aquesta setmana \u00e9s per a la jornada que l&#8217;1 de novembre es prepara a Ca la Dona. Neix del \u00abneguit\u00bb d&#8217;un grup de dones per a \u00abdebatre juntes i reflexionar sobre com fem que tot el nostre llegat <a class=\"more-link\" href=\"https:\/\/caials.blog.pangea.org\/es\/jornades-coms-que-son-ques-%e3%80%8bradicalitats-democratiques-des-dels-feminismes\/\">Seguir leyendo <span class=\"screen-reader-text\">  Jornades Coms que s\u00f3n qu\u00e8s \u300bRadicalitats democr\u00e0tiques des dels feminismes<\/span><span class=\"meta-nav\">&rarr;<\/span><\/a><\/p>\n","protected":false},"author":2457,"featured_media":257,"comment_status":"open","ping_status":"open","sticky":false,"template":"","format":"standard","meta":{"jetpack_post_was_ever_published":false,"_jetpack_newsletter_access":"","_jetpack_dont_email_post_to_subs":false,"_jetpack_newsletter_tier_id":0,"_jetpack_memberships_contains_paywalled_content":false,"_jetpack_memberships_contains_paid_content":false,"footnotes":"","jetpack_publicize_message":"","jetpack_publicize_feature_enabled":true,"jetpack_social_post_already_shared":true,"jetpack_social_options":{"image_generator_settings":{"template":"highway","default_image_id":0,"font":"","enabled":false},"version":2}},"categories":[3888],"tags":[25695,25685,25704],"class_list":["post-258","post","type-post","status-publish","format-standard","has-post-thumbnail","hentry","category-recomanacions","tag-feminismes-2","tag-minims-comuns","tag-politica-de-la-relacio"],"jetpack_publicize_connections":[],"jetpack_featured_media_url":"https:\/\/i0.wp.com\/caials.blog.pangea.org\/files\/2014\/10\/wpid-cropped-512px-square_and_colors_a-svg.png?fit=270%2C270&ssl=1","jetpack_shortlink":"https:\/\/wp.me\/p4TQKH-4a","jetpack_sharing_enabled":true,"jetpack-related-posts":[{"id":388,"url":"https:\/\/caials.blog.pangea.org\/es\/feminismos-ciudad-y-radicalidad-democratica\/","url_meta":{"origin":258,"position":0},"title":"(Catal\u00e0) Feminismos, ciudad y radicalidad democr\u00e1tica","author":"caials","date":"21 de abril de 2015","format":false,"excerpt":"El blog Pista Urbana de CatalunyaPlural (elDiario.es) \"quiere ser un espacio destinado a recoger debates, propuestas y an\u00e1lisis vinculados a los temas urbanos en un sentido muy amplio, aqu\u00ed y en todo el mundo. En las ciudades los cambios y las transformaciones se hacen muy evidentes, y por lo tanto\u2026","rel":"","context":"En \u00abEl bloc de Caials\u00bb","block_context":{"text":"El bloc de Caials","link":"https:\/\/caials.blog.pangea.org\/es\/category\/el-bloc-de-caials\/"},"img":{"alt_text":"","src":"https:\/\/i0.wp.com\/caials.blog.pangea.org\/files\/2015\/04\/Patriarcadourbano_JaumeBadosa.jpg?fit=643%2C362&ssl=1&resize=350%2C200","width":350,"height":200,"srcset":"https:\/\/i0.wp.com\/caials.blog.pangea.org\/files\/2015\/04\/Patriarcadourbano_JaumeBadosa.jpg?fit=643%2C362&ssl=1&resize=350%2C200 1x, https:\/\/i0.wp.com\/caials.blog.pangea.org\/files\/2015\/04\/Patriarcadourbano_JaumeBadosa.jpg?fit=643%2C362&ssl=1&resize=525%2C300 1.5x"},"classes":[]},{"id":399,"url":"https:\/\/caials.blog.pangea.org\/es\/teixim-resistencies-construim-esperances-espais-de-llibertat\/","url_meta":{"origin":258,"position":1},"title":"(Catal\u00e0) Teixim resist\u00e8ncies, constru\u00efm esperances :: Espais de llibertat","author":"caials","date":"05 de mayo de 2015","format":false,"excerpt":"Les Jornades \"Per una vida vivible en un m\u00f3n limitat\" van ser un punt de trobada de col\u00b7lectius feministes, ecofeministes i ecologistes, on vam poder entrecreuar mirades, formes de fer i experi\u00e8ncies, tot posant-nos en relaci\u00f3. A la web es recull el desenvolupament de les jornades i els v\u00eddeos de\u2026","rel":"","context":"En \u00abEl bloc de Caials\u00bb","block_context":{"text":"El bloc de Caials","link":"https:\/\/caials.blog.pangea.org\/es\/category\/el-bloc-de-caials\/"},"img":{"alt_text":"","src":"https:\/\/i0.wp.com\/caials.blog.pangea.org\/files\/2015\/05\/TeiximResistencies.jpg?fit=428%2C271&ssl=1&resize=350%2C200","width":350,"height":200},"classes":[]},{"id":14,"url":"https:\/\/caials.blog.pangea.org\/es\/entrevista-minims-comuns-a-feministescat\/","url_meta":{"origin":258,"position":2},"title":"Entrevista: m\u00ednims comuns? A @FeministesCat","author":"caials","date":"13 de julio de 2014","format":"video","excerpt":"Entrevista Betlem Ca\u00f1izar, Coordinadora de Caladona from Feministes de Catalunya on Vimeo. Betlem Ca\u00f1izar t\u00e9 una gran experi\u00e8ncia professional en la gesti\u00f3 cultural i com a experta en g\u00e8nere i pol\u00edtiques d'Igualtat. \u00c9s premi extraordinari de Llicenciatura en Humanitats per la UAB, i Postgrau en G\u00e8nere i Igualtat d\u2019Oportunitats per\u2026","rel":"","context":"En \u00abEl bloc de Caials\u00bb","block_context":{"text":"El bloc de Caials","link":"https:\/\/caials.blog.pangea.org\/es\/category\/el-bloc-de-caials\/"},"img":{"alt_text":"","src":"https:\/\/i0.wp.com\/caials.blog.pangea.org\/files\/2014\/07\/Imatge_Feministescat.jpg?fit=960%2C540&ssl=1&resize=350%2C200","width":350,"height":200,"srcset":"https:\/\/i0.wp.com\/caials.blog.pangea.org\/files\/2014\/07\/Imatge_Feministescat.jpg?fit=960%2C540&ssl=1&resize=350%2C200 1x, https:\/\/i0.wp.com\/caials.blog.pangea.org\/files\/2014\/07\/Imatge_Feministescat.jpg?fit=960%2C540&ssl=1&resize=525%2C300 1.5x, https:\/\/i0.wp.com\/caials.blog.pangea.org\/files\/2014\/07\/Imatge_Feministescat.jpg?fit=960%2C540&ssl=1&resize=700%2C400 2x"},"classes":[]},{"id":370,"url":"https:\/\/caials.blog.pangea.org\/es\/v-congres-estatal-deconomia-feminista-vic-2-3-i-4-de-juliol\/","url_meta":{"origin":258,"position":3},"title":"V Congreso Estatal de Economia Feminista &#8211; Vic &#8211; 2, 3 i 4 de juliol","author":"caials","date":"10 de marzo de 2015","format":false,"excerpt":"L'octubre de 2013, el IV\u00a0Congreso Estatal de Economia Feminista\u00a0 organitzat des de la Universidad Pablo de Olavide va ser tot un esdeveniment\u00a0pels feminismes (i esperem que tamb\u00e9 pel m\u00f3n de l'economia)\u00a0on hi van participar m\u00e9s de 300 persones de l'acad\u00e8mia i l'activisme. Enguany, la Universitat de Vic \u00e9s l'encarregada de\u2026","rel":"","context":"En \u00abRecomanacions\u00bb","block_context":{"text":"Recomanacions","link":"https:\/\/caials.blog.pangea.org\/es\/category\/recomanacions\/"},"img":{"alt_text":"","src":"","width":0,"height":0},"classes":[]},{"id":82,"url":"https:\/\/caials.blog.pangea.org\/es\/conflictes-corals-adaptacio-per-a-dues-veus-1\/","url_meta":{"origin":258,"position":4},"title":"Conflictes corals. Adaptaci\u00f3 per a dues veus (1)","author":"caials","date":"28 de agosto de 2014","format":false,"excerpt":"Betlem Ca\u00f1izar Bel (primera veu) i Mireia Bofill (com a parella interlocutora). Maig 2011. Publicat a La Teranyina 2. Escola Feminista d\u2019estiu 2010 L\u2019altre dia m\u2019ho deien: \u201ci perqu\u00e8 aquesta dona no vol saber res de nosaltres\u201d? Cada vegada que sento aquesta pregunta, o d\u2019altres similars, no ho puc evitar,\u2026","rel":"","context":"En \u00abEl bloc de Caials\u00bb","block_context":{"text":"El bloc de Caials","link":"https:\/\/caials.blog.pangea.org\/es\/category\/el-bloc-de-caials\/"},"img":{"alt_text":"NenaEfe","src":"https:\/\/i0.wp.com\/caials.blog.pangea.org\/files\/2014\/08\/NenaEfe.jpg?resize=350%2C200","width":350,"height":200},"classes":[]},{"id":151,"url":"https:\/\/caials.blog.pangea.org\/es\/conversa-amb-itziar-gonzalez-i-frederic-vicent-lhora-l-cadena-ser\/","url_meta":{"origin":258,"position":5},"title":"Conversa amb Itziar Gonz\u00e1lez i Frederic Vicent. L&#8217;Hora L, Cadena Ser","author":"caials","date":"03 de septiembre de 2014","format":false,"excerpt":"Com diuen a la web de la Ser, a l'Hora L \"els dimecres \u00e9s el dia dels moviments socials, d'escoltar representants del teixit associatiu i d'acostar-nos a les seves lluites. Ens servir\u00e0 de guia l'arquitecte i exregidora Itziar Gonz\u00e1lez, que est\u00e0 impulsant el Parlament Ciutad\u00e0.\" El novembre del 2013 es\u2026","rel":"","context":"En \u00abNo t'ho perdis\u00bb","block_context":{"text":"No t'ho perdis","link":"https:\/\/caials.blog.pangea.org\/es\/category\/no-tho-perdis\/"},"img":{"alt_text":"","src":"https:\/\/i0.wp.com\/caials.blog.pangea.org\/files\/2014\/09\/LHoraL_1311.jpg?fit=1200%2C675&ssl=1&resize=350%2C200","width":350,"height":200,"srcset":"https:\/\/i0.wp.com\/caials.blog.pangea.org\/files\/2014\/09\/LHoraL_1311.jpg?fit=1200%2C675&ssl=1&resize=350%2C200 1x, https:\/\/i0.wp.com\/caials.blog.pangea.org\/files\/2014\/09\/LHoraL_1311.jpg?fit=1200%2C675&ssl=1&resize=525%2C300 1.5x, https:\/\/i0.wp.com\/caials.blog.pangea.org\/files\/2014\/09\/LHoraL_1311.jpg?fit=1200%2C675&ssl=1&resize=700%2C400 2x, https:\/\/i0.wp.com\/caials.blog.pangea.org\/files\/2014\/09\/LHoraL_1311.jpg?fit=1200%2C675&ssl=1&resize=1050%2C600 3x"},"classes":[]}],"_links":{"self":[{"href":"https:\/\/caials.blog.pangea.org\/es\/wp-json\/wp\/v2\/posts\/258","targetHints":{"allow":["GET"]}}],"collection":[{"href":"https:\/\/caials.blog.pangea.org\/es\/wp-json\/wp\/v2\/posts"}],"about":[{"href":"https:\/\/caials.blog.pangea.org\/es\/wp-json\/wp\/v2\/types\/post"}],"author":[{"embeddable":true,"href":"https:\/\/caials.blog.pangea.org\/es\/wp-json\/wp\/v2\/users\/2457"}],"replies":[{"embeddable":true,"href":"https:\/\/caials.blog.pangea.org\/es\/wp-json\/wp\/v2\/comments?post=258"}],"version-history":[{"count":4,"href":"https:\/\/caials.blog.pangea.org\/es\/wp-json\/wp\/v2\/posts\/258\/revisions"}],"predecessor-version":[{"id":353,"href":"https:\/\/caials.blog.pangea.org\/es\/wp-json\/wp\/v2\/posts\/258\/revisions\/353"}],"wp:featuredmedia":[{"embeddable":true,"href":"https:\/\/caials.blog.pangea.org\/es\/wp-json\/wp\/v2\/media\/257"}],"wp:attachment":[{"href":"https:\/\/caials.blog.pangea.org\/es\/wp-json\/wp\/v2\/media?parent=258"}],"wp:term":[{"taxonomy":"category","embeddable":true,"href":"https:\/\/caials.blog.pangea.org\/es\/wp-json\/wp\/v2\/categories?post=258"},{"taxonomy":"post_tag","embeddable":true,"href":"https:\/\/caials.blog.pangea.org\/es\/wp-json\/wp\/v2\/tags?post=258"}],"curies":[{"name":"wp","href":"https:\/\/api.w.org\/{rel}","templated":true}]}}