{"id":328,"date":"2015-01-30T12:34:28","date_gmt":"2015-01-30T12:34:28","guid":{"rendered":"http:\/\/caials.blog.pangea.org\/?p=328"},"modified":"2015-02-23T17:58:25","modified_gmt":"2015-02-23T17:58:25","slug":"6a-classificada-entre-511-relats-hiperbreus","status":"publish","type":"post","link":"https:\/\/caials.blog.pangea.org\/es\/6a-classificada-entre-511-relats-hiperbreus\/","title":{"rendered":"6a clasificada entre 511 textos hiperbreves"},"content":{"rendered":"<p><\/p>\n<p>&nbsp;<\/p>\n<blockquote><p>\u00abOl\u00ed la alegr\u00eda bajo los botones de su camisa\u00bb<\/p>\n<p style=\"text-align: right\">Lola Vidal<\/p>\n<\/blockquote>\n<p style=\"text-align: left\"><a href=\"https:\/\/www.flickr.com\/photos\/rdenubila\/4648493891\/in\/photolist-85LKhp-b131Pc-fhbTnx-7oib4M-7on5X3-7on5Ys-7on5y1-7on63Y-7on5Q1-98Puh1-7on5qG-7on5US-7oibjZ-7on5uJ-7on5NE-7oib9a-7on5DQ-7on5HL-7oibtR-9FU8Lk-9FDAXj-cPFUbs-cPFVmw-dUuFVx-eipgwY-9Gi1ku-e3ZwjV-dMqKNq-7w2kGG-edshAt-E8rkv-e3ZuSa-9ESSfz-uyD6p-6jPS4i-ieWpE-7TSrHi-eipYnq-faLRZq-7hDYms-hq3f1z-bw3Rwh-38xJ1u-2MLF6t-7xXiU-8Xauk-dK16Fu-bmFzxQ-e468Q1-dY1xxY\"><img data-recalc-dims=\"1\" loading=\"lazy\" decoding=\"async\" data-attachment-id=\"329\" data-permalink=\"https:\/\/caials.blog.pangea.org\/es\/6a-classificada-entre-511-relats-hiperbreus\/4648493891_fd575ca9c8_z\/\" data-orig-file=\"https:\/\/i0.wp.com\/caials.blog.pangea.org\/files\/2015\/01\/4648493891_fd575ca9c8_z.jpg?fit=640%2C427&amp;ssl=1\" data-orig-size=\"640,427\" data-comments-opened=\"1\" data-image-meta=\"{&quot;aperture&quot;:&quot;0&quot;,&quot;credit&quot;:&quot;&quot;,&quot;camera&quot;:&quot;&quot;,&quot;caption&quot;:&quot;&quot;,&quot;created_timestamp&quot;:&quot;0&quot;,&quot;copyright&quot;:&quot;&quot;,&quot;focal_length&quot;:&quot;0&quot;,&quot;iso&quot;:&quot;0&quot;,&quot;shutter_speed&quot;:&quot;0&quot;,&quot;title&quot;:&quot;&quot;,&quot;orientation&quot;:&quot;0&quot;}\" data-image-title=\"4648493891_fd575ca9c8_z\" data-image-description=\"\" data-image-caption=\"\" data-large-file=\"https:\/\/i0.wp.com\/caials.blog.pangea.org\/files\/2015\/01\/4648493891_fd575ca9c8_z.jpg?fit=530%2C354&amp;ssl=1\" class=\"alignleft wp-image-329 size-thumbnail\" src=\"https:\/\/i0.wp.com\/caials.blog.pangea.org\/files\/2015\/01\/4648493891_fd575ca9c8_z-150x150.jpg?resize=150%2C150\" alt=\"4648493891_fd575ca9c8_z\" width=\"150\" height=\"150\" srcset=\"https:\/\/i0.wp.com\/caials.blog.pangea.org\/files\/2015\/01\/4648493891_fd575ca9c8_z.jpg?resize=150%2C150&amp;ssl=1 150w, https:\/\/i0.wp.com\/caials.blog.pangea.org\/files\/2015\/01\/4648493891_fd575ca9c8_z.jpg?resize=50%2C50&amp;ssl=1 50w, https:\/\/i0.wp.com\/caials.blog.pangea.org\/files\/2015\/01\/4648493891_fd575ca9c8_z.jpg?zoom=2&amp;resize=150%2C150&amp;ssl=1 300w, https:\/\/i0.wp.com\/caials.blog.pangea.org\/files\/2015\/01\/4648493891_fd575ca9c8_z.jpg?zoom=3&amp;resize=150%2C150&amp;ssl=1 450w\" sizes=\"auto, (max-width: 150px) 100vw, 150px\" \/><\/a>Con el peque\u00f1o texto titulado <em>Piel<\/em>, de 9 palabras, Lola Vidal (seud\u00f3nimo) ha quedado 6a clasificada entre los 511 relatos hiperbreves del concurso de Santo Domingo de la Calzada.<\/p>\n<p style=\"text-align: left\">En honor a la altura de la torre de Santo Domingo de la Calzada, los textos deb\u00edan tener 6, 9 o 15 palabras de extensi\u00f3n, y recoger la palabra alegr\u00eda.<\/p>\n<p style=\"text-align: left\"><a href=\"http:\/\/www.santodomingodelacalzada.org\/contenidos\/concurso-texto-hiperbreve-torre-426555459.html\" target=\"_blank\">Aqu\u00ed pod\u00e9is leer la noticia entera<\/a>, as\u00ed como los 7 primeros relatos clasificados. La ganadora ha sido Violeta Otin, con el texto \u00ab<strong><em>La alegr\u00eda inicial se transform\u00f3 en terror cuando vio que el otro tambi\u00e9n hab\u00eda sobrevivido\u00bb<\/em><\/strong><\/p>\n<p style=\"text-align: right\"><strong>Foto:<\/strong> <a href=\"https:\/\/www.flickr.com\/photos\/rdenubila\/\" target=\"_blank\">Rodrigo Den\u00fabila<\/a><\/p>\n<\/p>\n<p><\/p>","protected":false},"excerpt":{"rendered":"<p>&nbsp; \u00abOl\u00ed la alegr\u00eda bajo los botones de su camisa\u00bb Lola Vidal Con el peque\u00f1o texto titulado Piel, de 9 palabras, Lola Vidal (seud\u00f3nimo) ha quedado 6a clasificada entre los 511 relatos hiperbreves del concurso de Santo Domingo de la <a class=\"more-link\" href=\"https:\/\/caials.blog.pangea.org\/es\/6a-classificada-entre-511-relats-hiperbreus\/\">Seguir leyendo <span class=\"screen-reader-text\">  6a clasificada entre 511 textos hiperbreves<\/span><span class=\"meta-nav\">&rarr;<\/span><\/a><\/p>\n","protected":false},"author":2457,"featured_media":0,"comment_status":"open","ping_status":"open","sticky":false,"template":"","format":"standard","meta":{"jetpack_post_was_ever_published":false,"_jetpack_newsletter_access":"","_jetpack_dont_email_post_to_subs":false,"_jetpack_newsletter_tier_id":0,"_jetpack_memberships_contains_paywalled_content":false,"_jetpack_memberships_contains_paid_content":false,"footnotes":"","jetpack_publicize_message":"","jetpack_publicize_feature_enabled":true,"jetpack_social_post_already_shared":true,"jetpack_social_options":{"image_generator_settings":{"template":"highway","default_image_id":0,"font":"","enabled":false},"version":2}},"categories":[5],"tags":[25705,25708],"class_list":["post-328","post","type-post","status-publish","format-standard","hentry","category-projectes","tag-escriptura-creativa","tag-microrelats"],"jetpack_publicize_connections":[],"jetpack_featured_media_url":"","jetpack_shortlink":"https:\/\/wp.me\/p4TQKH-5i","jetpack_sharing_enabled":true,"jetpack-related-posts":[{"id":408,"url":"https:\/\/caials.blog.pangea.org\/es\/cap-a-santa-coloma-dia-internacional-daccio-per-la-salut-de-les-dones\/","url_meta":{"origin":328,"position":0},"title":"(Catal\u00e0) Cap a Santa Coloma :: Dia Internacional d&#8217;Acci\u00f3 per la Salut de les Dones","author":"caials","date":"19 de mayo de 2015","format":false,"excerpt":"\u00a0 Sabeu que el 28 de maig \u00e9s el Dia Internacional d'Acci\u00f3 per la Salut de les Dones? A Santa Coloma el celebren amb la projecci\u00f3 del documental\u00a0Menopausa Rebel, amb una ponent imperdible,\u00a0Dolores Juliano, i les referents en el m\u00f3n del cinema i l'audiovisual de la cooperativa Drac M\u00e0gic. I\u2026","rel":"","context":"En \u00abEl bloc de Caials\u00bb","block_context":{"text":"El bloc de Caials","link":"https:\/\/caials.blog.pangea.org\/es\/category\/el-bloc-de-caials\/"},"img":{"alt_text":"15_DiaInternacSalutDones_StaCo_a","src":"https:\/\/i0.wp.com\/caials.blog.pangea.org\/files\/2015\/05\/15_DiaInternacSalutDones_StaCo_a.png?resize=350%2C200","width":350,"height":200},"classes":[]},{"id":399,"url":"https:\/\/caials.blog.pangea.org\/es\/teixim-resistencies-construim-esperances-espais-de-llibertat\/","url_meta":{"origin":328,"position":1},"title":"(Catal\u00e0) Teixim resist\u00e8ncies, constru\u00efm esperances :: Espais de llibertat","author":"caials","date":"05 de mayo de 2015","format":false,"excerpt":"Les Jornades \"Per una vida vivible en un m\u00f3n limitat\" van ser un punt de trobada de col\u00b7lectius feministes, ecofeministes i ecologistes, on vam poder entrecreuar mirades, formes de fer i experi\u00e8ncies, tot posant-nos en relaci\u00f3. A la web es recull el desenvolupament de les jornades i els v\u00eddeos de\u2026","rel":"","context":"En \u00abEl bloc de Caials\u00bb","block_context":{"text":"El bloc de Caials","link":"https:\/\/caials.blog.pangea.org\/es\/category\/el-bloc-de-caials\/"},"img":{"alt_text":"","src":"https:\/\/i0.wp.com\/caials.blog.pangea.org\/files\/2015\/05\/TeiximResistencies.jpg?fit=428%2C271&ssl=1&resize=350%2C200","width":350,"height":200},"classes":[]},{"id":493,"url":"https:\/\/caials.blog.pangea.org\/es\/molta-activitat-pero-no-al-bloc\/","url_meta":{"origin":328,"position":2},"title":"(Catal\u00e0) Molta activitat, per\u00f2 no al bloc","author":"caials","date":"20 de enero de 2016","format":false,"excerpt":"Disculpa, pero esta entrada est\u00e1 disponible s\u00f3lo en Catal\u00e0.","rel":"","context":"En \u00abEl bloc de Caials\u00bb","block_context":{"text":"El bloc de Caials","link":"https:\/\/caials.blog.pangea.org\/es\/category\/el-bloc-de-caials\/"},"img":{"alt_text":"PedresCaials","src":"https:\/\/i0.wp.com\/caials.blog.pangea.org\/files\/2014\/07\/PedresCaials-300x200.jpg?resize=350%2C200","width":350,"height":200},"classes":[]},{"id":318,"url":"https:\/\/caials.blog.pangea.org\/es\/pista-urbana-a-catalunyaplural-quin-es-el-subjecte-urba-de-les-nostres-ciutats\/","url_meta":{"origin":328,"position":3},"title":"Pista Urbana en @CatalunyaPlural: \u00bfCu\u00e1l es el sujeto urbano de nuestras ciudades?","author":"caials","date":"20 de enero de 2015","format":false,"excerpt":"Disculpa, pero esta entrada est\u00e1 disponible s\u00f3lo en Catal\u00e0.","rel":"","context":"En \u00abRecomanacions\u00bb","block_context":{"text":"Recomanacions","link":"https:\/\/caials.blog.pangea.org\/es\/category\/recomanacions\/"},"img":{"alt_text":"","src":"https:\/\/i0.wp.com\/caials.blog.pangea.org\/files\/2015\/04\/Patriarcadourbano_JaumeBadosa.jpg?fit=643%2C362&ssl=1&resize=350%2C200","width":350,"height":200,"srcset":"https:\/\/i0.wp.com\/caials.blog.pangea.org\/files\/2015\/04\/Patriarcadourbano_JaumeBadosa.jpg?fit=643%2C362&ssl=1&resize=350%2C200 1x, https:\/\/i0.wp.com\/caials.blog.pangea.org\/files\/2015\/04\/Patriarcadourbano_JaumeBadosa.jpg?fit=643%2C362&ssl=1&resize=525%2C300 1.5x"},"classes":[]},{"id":456,"url":"https:\/\/caials.blog.pangea.org\/es\/curs-les-transformacions-en-els-treballs-des-dels-drets\/","url_meta":{"origin":328,"position":4},"title":"(Catal\u00e0) Curs: les transformacions en els treballs, des dels drets.","author":"caials","date":"04 de agosto de 2015","format":false,"excerpt":"Disculpa, pero esta entrada est\u00e1 disponible s\u00f3lo en Catal\u00e0.","rel":"","context":"En \u00abRecomanacions\u00bb","block_context":{"text":"Recomanacions","link":"https:\/\/caials.blog.pangea.org\/es\/category\/recomanacions\/"},"img":{"alt_text":"","src":"https:\/\/i0.wp.com\/observatoridesc.org\/sites\/default\/files\/imagecache\/300x200\/meme10anyscursdretssocials_0.jpg?resize=350%2C200","width":350,"height":200},"classes":[]},{"id":82,"url":"https:\/\/caials.blog.pangea.org\/es\/conflictes-corals-adaptacio-per-a-dues-veus-1\/","url_meta":{"origin":328,"position":5},"title":"Conflictes corals. Adaptaci\u00f3 per a dues veus (1)","author":"caials","date":"28 de agosto de 2014","format":false,"excerpt":"Betlem Ca\u00f1izar Bel (primera veu) i Mireia Bofill (com a parella interlocutora). Maig 2011. Publicat a La Teranyina 2. Escola Feminista d\u2019estiu 2010 L\u2019altre dia m\u2019ho deien: \u201ci perqu\u00e8 aquesta dona no vol saber res de nosaltres\u201d? Cada vegada que sento aquesta pregunta, o d\u2019altres similars, no ho puc evitar,\u2026","rel":"","context":"En \u00abEl bloc de Caials\u00bb","block_context":{"text":"El bloc de Caials","link":"https:\/\/caials.blog.pangea.org\/es\/category\/el-bloc-de-caials\/"},"img":{"alt_text":"NenaEfe","src":"https:\/\/i0.wp.com\/caials.blog.pangea.org\/files\/2014\/08\/NenaEfe.jpg?resize=350%2C200","width":350,"height":200},"classes":[]}],"_links":{"self":[{"href":"https:\/\/caials.blog.pangea.org\/es\/wp-json\/wp\/v2\/posts\/328","targetHints":{"allow":["GET"]}}],"collection":[{"href":"https:\/\/caials.blog.pangea.org\/es\/wp-json\/wp\/v2\/posts"}],"about":[{"href":"https:\/\/caials.blog.pangea.org\/es\/wp-json\/wp\/v2\/types\/post"}],"author":[{"embeddable":true,"href":"https:\/\/caials.blog.pangea.org\/es\/wp-json\/wp\/v2\/users\/2457"}],"replies":[{"embeddable":true,"href":"https:\/\/caials.blog.pangea.org\/es\/wp-json\/wp\/v2\/comments?post=328"}],"version-history":[{"count":10,"href":"https:\/\/caials.blog.pangea.org\/es\/wp-json\/wp\/v2\/posts\/328\/revisions"}],"predecessor-version":[{"id":349,"href":"https:\/\/caials.blog.pangea.org\/es\/wp-json\/wp\/v2\/posts\/328\/revisions\/349"}],"wp:attachment":[{"href":"https:\/\/caials.blog.pangea.org\/es\/wp-json\/wp\/v2\/media?parent=328"}],"wp:term":[{"taxonomy":"category","embeddable":true,"href":"https:\/\/caials.blog.pangea.org\/es\/wp-json\/wp\/v2\/categories?post=328"},{"taxonomy":"post_tag","embeddable":true,"href":"https:\/\/caials.blog.pangea.org\/es\/wp-json\/wp\/v2\/tags?post=328"}],"curies":[{"name":"wp","href":"https:\/\/api.w.org\/{rel}","templated":true}]}}