{"id":380,"date":"2015-04-08T13:20:29","date_gmt":"2015-04-08T13:20:29","guid":{"rendered":"http:\/\/caials.blog.pangea.org\/?p=380"},"modified":"2015-09-04T11:27:23","modified_gmt":"2015-09-04T11:27:23","slug":"acsur-sabers-i-practiques-feministes-una-aproximacio-al-moviment-feminista-a-catalunya","status":"publish","type":"post","link":"https:\/\/caials.blog.pangea.org\/es\/acsur-sabers-i-practiques-feministes-una-aproximacio-al-moviment-feminista-a-catalunya\/","title":{"rendered":"(Catal\u00e0) ACSUR | Sabers i Pr\u00e0ctiques Feministes: una aproximaci\u00f3 al Moviment Feminista a Catalunya"},"content":{"rendered":"<p class=\"qtranxs-available-languages-message qtranxs-available-languages-message-es\">Disculpa, pero esta entrada est\u00e1 disponible s\u00f3lo en <a href=\"https:\/\/caials.blog.pangea.org\/ca\/wp-json\/wp\/v2\/posts\/380\" class=\"qtranxs-available-language-link qtranxs-available-language-link-ca\" title=\"Catal\u00e0\">Catal\u00e0<\/a>.<\/p>","protected":false},"excerpt":{"rendered":"<p>Disculpa, pero esta entrada est\u00e1 disponible s\u00f3lo en Catal\u00e0.<\/p>\n","protected":false},"author":2457,"featured_media":0,"comment_status":"open","ping_status":"open","sticky":false,"template":"","format":"standard","meta":{"jetpack_post_was_ever_published":false,"_jetpack_newsletter_access":"","_jetpack_dont_email_post_to_subs":false,"_jetpack_newsletter_tier_id":0,"_jetpack_memberships_contains_paywalled_content":false,"_jetpack_memberships_contains_paid_content":false,"footnotes":"","jetpack_publicize_message":"ACSUR | Sabers i Pr\u00e0ctiques Feministes: una aproximaci\u00f3 al Moviment Feminista a Catalunya","jetpack_publicize_feature_enabled":true,"jetpack_social_post_already_shared":true,"jetpack_social_options":{"image_generator_settings":{"template":"highway","default_image_id":0,"font":"","enabled":false},"version":2}},"categories":[3888],"tags":[25695,25699],"class_list":["post-380","post","type-post","status-publish","format-standard","hentry","category-recomanacions","tag-feminismes-2","tag-hi-participem"],"jetpack_publicize_connections":[],"jetpack_featured_media_url":"","jetpack_shortlink":"https:\/\/wp.me\/p4TQKH-68","jetpack_sharing_enabled":true,"jetpack-related-posts":[{"id":151,"url":"https:\/\/caials.blog.pangea.org\/es\/conversa-amb-itziar-gonzalez-i-frederic-vicent-lhora-l-cadena-ser\/","url_meta":{"origin":380,"position":0},"title":"Conversa amb Itziar Gonz\u00e1lez i Frederic Vicent. L&#8217;Hora L, Cadena Ser","author":"caials","date":"03 de septiembre de 2014","format":false,"excerpt":"Com diuen a la web de la Ser, a l'Hora L \"els dimecres \u00e9s el dia dels moviments socials, d'escoltar representants del teixit associatiu i d'acostar-nos a les seves lluites. Ens servir\u00e0 de guia l'arquitecte i exregidora Itziar Gonz\u00e1lez, que est\u00e0 impulsant el Parlament Ciutad\u00e0.\" El novembre del 2013 es\u2026","rel":"","context":"En \u00abNo t'ho perdis\u00bb","block_context":{"text":"No t'ho perdis","link":"https:\/\/caials.blog.pangea.org\/es\/category\/no-tho-perdis\/"},"img":{"alt_text":"","src":"https:\/\/i0.wp.com\/caials.blog.pangea.org\/files\/2014\/09\/LHoraL_1311.jpg?fit=1200%2C675&ssl=1&resize=350%2C200","width":350,"height":200,"srcset":"https:\/\/i0.wp.com\/caials.blog.pangea.org\/files\/2014\/09\/LHoraL_1311.jpg?fit=1200%2C675&ssl=1&resize=350%2C200 1x, https:\/\/i0.wp.com\/caials.blog.pangea.org\/files\/2014\/09\/LHoraL_1311.jpg?fit=1200%2C675&ssl=1&resize=525%2C300 1.5x, https:\/\/i0.wp.com\/caials.blog.pangea.org\/files\/2014\/09\/LHoraL_1311.jpg?fit=1200%2C675&ssl=1&resize=700%2C400 2x, https:\/\/i0.wp.com\/caials.blog.pangea.org\/files\/2014\/09\/LHoraL_1311.jpg?fit=1200%2C675&ssl=1&resize=1050%2C600 3x"},"classes":[]},{"id":258,"url":"https:\/\/caials.blog.pangea.org\/es\/jornades-coms-que-son-ques-%e3%80%8bradicalitats-democratiques-des-dels-feminismes\/","url_meta":{"origin":380,"position":1},"title":"Jornades Coms que s\u00f3n qu\u00e8s \u300bRadicalitats democr\u00e0tiques des dels feminismes","author":"caials","date":"13 de octubre de 2014","format":false,"excerpt":"La recomanaci\u00f3 d'aquesta setmana \u00e9s per a la jornada que l'1 de novembre es prepara a Ca la Dona. Neix del \"neguit\" d'un grup de dones per a \"debatre juntes i reflexionar sobre com fem que tot el nostre llegat de pr\u00e0ctiques,\u00a0 experi\u00e8ncies i relacions sigui un eix vertebrador de\u2026","rel":"","context":"En \u00abRecomanacions\u00bb","block_context":{"text":"Recomanacions","link":"https:\/\/caials.blog.pangea.org\/es\/category\/recomanacions\/"},"img":{"alt_text":"","src":"https:\/\/i0.wp.com\/caials.blog.pangea.org\/files\/2014\/10\/wpid-cropped-512px-square_and_colors_a-svg.png?fit=270%2C270&ssl=1&resize=350%2C200","width":350,"height":200},"classes":[]},{"id":82,"url":"https:\/\/caials.blog.pangea.org\/es\/conflictes-corals-adaptacio-per-a-dues-veus-1\/","url_meta":{"origin":380,"position":2},"title":"Conflictes corals. Adaptaci\u00f3 per a dues veus (1)","author":"caials","date":"28 de agosto de 2014","format":false,"excerpt":"Betlem Ca\u00f1izar Bel (primera veu) i Mireia Bofill (com a parella interlocutora). Maig 2011. Publicat a La Teranyina 2. Escola Feminista d\u2019estiu 2010 L\u2019altre dia m\u2019ho deien: \u201ci perqu\u00e8 aquesta dona no vol saber res de nosaltres\u201d? Cada vegada que sento aquesta pregunta, o d\u2019altres similars, no ho puc evitar,\u2026","rel":"","context":"En \u00abEl bloc de Caials\u00bb","block_context":{"text":"El bloc de Caials","link":"https:\/\/caials.blog.pangea.org\/es\/category\/el-bloc-de-caials\/"},"img":{"alt_text":"NenaEfe","src":"https:\/\/i0.wp.com\/caials.blog.pangea.org\/files\/2014\/08\/NenaEfe.jpg?resize=350%2C200","width":350,"height":200},"classes":[]},{"id":14,"url":"https:\/\/caials.blog.pangea.org\/es\/entrevista-minims-comuns-a-feministescat\/","url_meta":{"origin":380,"position":3},"title":"Entrevista: m\u00ednims comuns? A @FeministesCat","author":"caials","date":"13 de julio de 2014","format":"video","excerpt":"Entrevista Betlem Ca\u00f1izar, Coordinadora de Caladona from Feministes de Catalunya on Vimeo. Betlem Ca\u00f1izar t\u00e9 una gran experi\u00e8ncia professional en la gesti\u00f3 cultural i com a experta en g\u00e8nere i pol\u00edtiques d'Igualtat. \u00c9s premi extraordinari de Llicenciatura en Humanitats per la UAB, i Postgrau en G\u00e8nere i Igualtat d\u2019Oportunitats per\u2026","rel":"","context":"En \u00abEl bloc de Caials\u00bb","block_context":{"text":"El bloc de Caials","link":"https:\/\/caials.blog.pangea.org\/es\/category\/el-bloc-de-caials\/"},"img":{"alt_text":"","src":"https:\/\/i0.wp.com\/caials.blog.pangea.org\/files\/2014\/07\/Imatge_Feministescat.jpg?fit=960%2C540&ssl=1&resize=350%2C200","width":350,"height":200,"srcset":"https:\/\/i0.wp.com\/caials.blog.pangea.org\/files\/2014\/07\/Imatge_Feministescat.jpg?fit=960%2C540&ssl=1&resize=350%2C200 1x, https:\/\/i0.wp.com\/caials.blog.pangea.org\/files\/2014\/07\/Imatge_Feministescat.jpg?fit=960%2C540&ssl=1&resize=525%2C300 1.5x, https:\/\/i0.wp.com\/caials.blog.pangea.org\/files\/2014\/07\/Imatge_Feministescat.jpg?fit=960%2C540&ssl=1&resize=700%2C400 2x"},"classes":[]},{"id":464,"url":"https:\/\/caials.blog.pangea.org\/es\/contramemoria-oblidem-loblit\/","url_meta":{"origin":380,"position":4},"title":"Contramem\u00f2ria: Oblidem l&#8217;Oblit","author":"caials","date":"28 de agosto de 2015","format":false,"excerpt":"Les amigues de la FEMART envien aquesta not\u00edcia. Amb ella, aprofito per a difondre la convocat\u00f2ria per a la presentaci\u00f3 d'obres a la propera Mostra: \"JOSE MARIA CARRASCO, director i presentador del programa de r\u00e0dio \"Prefer\u00e8ncies\" (RNE Catalunya\/R\u00e0dio 4) ha convidat a l'equip de la Mostra FEM ART a presentar\u2026","rel":"","context":"En \u00abRecomanacions\u00bb","block_context":{"text":"Recomanacions","link":"https:\/\/caials.blog.pangea.org\/es\/category\/recomanacions\/"},"img":{"alt_text":"","src":"","width":0,"height":0},"classes":[]},{"id":370,"url":"https:\/\/caials.blog.pangea.org\/es\/v-congres-estatal-deconomia-feminista-vic-2-3-i-4-de-juliol\/","url_meta":{"origin":380,"position":5},"title":"V Congreso Estatal de Economia Feminista &#8211; Vic &#8211; 2, 3 i 4 de juliol","author":"caials","date":"10 de marzo de 2015","format":false,"excerpt":"L'octubre de 2013, el IV\u00a0Congreso Estatal de Economia Feminista\u00a0 organitzat des de la Universidad Pablo de Olavide va ser tot un esdeveniment\u00a0pels feminismes (i esperem que tamb\u00e9 pel m\u00f3n de l'economia)\u00a0on hi van participar m\u00e9s de 300 persones de l'acad\u00e8mia i l'activisme. Enguany, la Universitat de Vic \u00e9s l'encarregada de\u2026","rel":"","context":"En \u00abRecomanacions\u00bb","block_context":{"text":"Recomanacions","link":"https:\/\/caials.blog.pangea.org\/es\/category\/recomanacions\/"},"img":{"alt_text":"","src":"","width":0,"height":0},"classes":[]}],"_links":{"self":[{"href":"https:\/\/caials.blog.pangea.org\/es\/wp-json\/wp\/v2\/posts\/380","targetHints":{"allow":["GET"]}}],"collection":[{"href":"https:\/\/caials.blog.pangea.org\/es\/wp-json\/wp\/v2\/posts"}],"about":[{"href":"https:\/\/caials.blog.pangea.org\/es\/wp-json\/wp\/v2\/types\/post"}],"author":[{"embeddable":true,"href":"https:\/\/caials.blog.pangea.org\/es\/wp-json\/wp\/v2\/users\/2457"}],"replies":[{"embeddable":true,"href":"https:\/\/caials.blog.pangea.org\/es\/wp-json\/wp\/v2\/comments?post=380"}],"version-history":[{"count":5,"href":"https:\/\/caials.blog.pangea.org\/es\/wp-json\/wp\/v2\/posts\/380\/revisions"}],"predecessor-version":[{"id":480,"href":"https:\/\/caials.blog.pangea.org\/es\/wp-json\/wp\/v2\/posts\/380\/revisions\/480"}],"wp:attachment":[{"href":"https:\/\/caials.blog.pangea.org\/es\/wp-json\/wp\/v2\/media?parent=380"}],"wp:term":[{"taxonomy":"category","embeddable":true,"href":"https:\/\/caials.blog.pangea.org\/es\/wp-json\/wp\/v2\/categories?post=380"},{"taxonomy":"post_tag","embeddable":true,"href":"https:\/\/caials.blog.pangea.org\/es\/wp-json\/wp\/v2\/tags?post=380"}],"curies":[{"name":"wp","href":"https:\/\/api.w.org\/{rel}","templated":true}]}}