{"id":388,"date":"2015-04-21T08:40:43","date_gmt":"2015-04-21T08:40:43","guid":{"rendered":"http:\/\/caials.blog.pangea.org\/?p=388"},"modified":"2015-09-04T11:26:49","modified_gmt":"2015-09-04T11:26:49","slug":"feminismos-ciudad-y-radicalidad-democratica","status":"publish","type":"post","link":"https:\/\/caials.blog.pangea.org\/es\/feminismos-ciudad-y-radicalidad-democratica\/","title":{"rendered":"(Catal\u00e0) Feminismos, ciudad y radicalidad democr\u00e1tica"},"content":{"rendered":"<p><\/p>\n<div class=\"mce-body mce\">\n<blockquote>\n<p class=\"mce\" style=\"text-align: right\">El blog <a href=\"http:\/\/www.eldiario.es\/catalunya\/pistaurbana\" target=\"_blank\">Pista Urbana<\/a> de CatalunyaPlural (elDiario.es) \u00abquiere ser un espacio destinado a recoger debates, propuestas y an\u00e1lisis vinculados a los temas urbanos en un sentido muy amplio, aqu\u00ed y en todo el mundo. En las ciudades los cambios y las transformaciones se hacen muy evidentes, y por lo tanto son lugares especialmente sensibles para seguir las nuevas din\u00e1micas sociales. Aunque la coordinaci\u00f3n del blog corresponde al IGOP, las opiniones que en \u00e9l aparecen s\u00f3lo expresan el punto de vista del autor\/a o autores\/as que firman cada post.\u00bb<\/p>\n<\/blockquote>\n<p class=\"mce\" style=\"text-align: right\">Post publicado en Pista Urbana el 20 de abril de 2015.\u00a0Betlem Ca\u00f1izar Bel (@BetlemCBel)<\/p>\n<figure style=\"width: 250px\" class=\"wp-caption alignleft\"><img data-recalc-dims=\"1\" loading=\"lazy\" decoding=\"async\" src=\"https:\/\/i0.wp.com\/images.eldiario.es\/catalunyaplural\/Patriarcado-urbano_EDIIMA20150420_0999_1.jpg?resize=250%2C158\" alt=\"Imatge Jaume Badosa\" width=\"250\" height=\"158\" \/><figcaption class=\"wp-caption-text\">\u00bfPatriarcat urb\u00e0? Jaume Badosa<\/figcaption><\/figure>\n<p class=\"mce\">En estos tiempos de removimiento pol\u00edtico, social y econ\u00f3mico, muchas personas esperamos o, mejor, promovemos, transformaciones <em class=\"mce\"> radicales<\/em> para profundizar en nuestras democracias, entendiendo que uno de los ejes que ha marcado el actual desarrollo de las pol\u00edticas p\u00fablicas y el sistema democr\u00e1tico es el patriarcal. Movimientos sociales y candidaturas apuestan por introducir contenidos feministas en sus propuestas y en sus pr\u00e1cticas, algo que hace unos pocos a\u00f1os era impensable. \u00bfSe est\u00e1 produciendo realmente ese cambio <em class=\"mce\"> radical<\/em>?<\/p>\n<p class=\"mce\">Montse, una de las firmantes de la campa\u00f1a <strong class=\"mce\"> Alerta Feminista<\/strong> explicaba en un encuentro de Feminismos y Radicalidad Democr\u00e1tica que Barcelona en Com\u00fa (equivalente de Ganemos) ha presentado a primarias 60 propuestas trabajadas entre sus activistas, de entre las cuales se han escogido las 40 prioridades de la candidatura. Entre las 60 propuestas hay <em class=\"mce\"> algunas<\/em> que tienen que ver con mujeres y feminismos, y precisamente s\u00f3lo unas pocas de ellas han salido escogidas en las primarias.<\/p>\n<div class=\"no-adv-socios\">Meses atr\u00e1s, en Per la Ruptura, proceso asambleario dels Pa\u00efsos Catalans que busca la ruptura con el Estado Espa\u00f1ol (que no con el pueblo) y con el r\u00e9gimen del 78, se nos olvidaron en un borrador de manifiesto, hasta que lo vieron unas feministas y a\u00f1adieron un muy buen p\u00e1rrafo sobre el patriarcado.<\/div>\n<p class=\"mce\">\u00c9stos dos ejemplos, entre muchos otros, <strong class=\"mce\"> coexisten<\/strong> con el reconocimiento de que Barcelona en Com\u00fa o Per la Ruptura, como tantos otros movimientos sociales o candidaturas m\u00e1s y menos rupturistas tienen a muchas feministas entre sus activistas, buena parte de ellas, referentes, y han asumido el eje de g\u00e9nero o antipatriarcal como uno de sus contenidos sustantivos. Porque, como dice la Alerta, \u201c<strong class=\"mce\"> la nueva pol\u00edtica continuar\u00e1 siendo vieja pol\u00edtica si es patriarcal<\/strong>\u201d.<\/p>\n<p class=\"mce\">Pero entonces, \u00bfpodemos confiar en las <strong class=\"mce\"> primarias<\/strong> o en las <strong class=\"mce\"> asambleas<\/strong> como mecanismos para decidir programas que no s\u00f3lo incorporen, sino que den autoridad a las pr\u00e1cticas y saberes acumulados desde los feminismos? Parece que todav\u00eda no, por ahora. \u00bfSignifica ello que a menudo las mujeres y\/o los feminismos no estamos si no es en p\u00e1rrafos y propuestas concretas, o a trav\u00e9s de mujeres concretas? Lamentablemente, a menudo es as\u00ed.<\/p>\n<p class=\"mce\">O sobretodo: \u00bfes posible romper con el patriarcado, a trav\u00e9s de \u00e9stas propuestas o del activismo de personas concretas? M\u00e1s bien se trata, como record\u00f3 en el citado encuentro otra amiga de \u00e9stos procesos, Carolina, de <strong class=\"mce\"> despatriarcalizar(nos)<\/strong>, d\u00eda a d\u00eda, poquito a poco.<\/p>\n<p class=\"mce\">Para ello es necesario que pasemos de ser medidas concretas a ser medida de todas las concreciones. No la \u00fanica medida, pero una de ellas, y central. Los feminismos o, a mi entender, <strong class=\"mce\"> tambi\u00e9n la ecolog\u00eda<\/strong>, no pueden ser, jam\u00e1s, propuestas que pueden estar, o no estar. Porque de hecho no son propuestas concretas para desarrollar uno u otro aspecto de las pol\u00edticas (o de nuestras vidas). Son perspectivas, miradas, maneras de hacer, criterios que dan luz a pol\u00edticas, vidas y relaciones. Van de lo global a lo particular y de lo cotidiano a lo global, contaminando <em class=\"mce\"> todos<\/em> los aspectos de la comunidad y las personas.<\/p>\n<p class=\"mce\"><strong class=\"mce\"> \u00bfSignifica eso que no podemos confiar en la opini\u00f3n de todas las personas? \u00bfque no debemos someter a votaci\u00f3n los programas, o a discusi\u00f3n en grandes asambleas? \u00bfQue deben ser elaborados por gente escogida y experta en cada tema?<\/strong> Rotundamente, no. \u00bfQu\u00e9 democracia construimos, desde la radicalidad feminista? La democracia consiste en mucho m\u00e1s que en asambleas y primarias. Es algo, por suerte, m\u00e1s complejo.<\/p>\n<p class=\"mce\">Por ejemplo, democracia radical es dar autoridad y confianza a las personas que son protagonistas (que no destinatarias ni beneficiarias) de las acciones, as\u00ed como a los colectivos que llevan a\u00f1os, d\u00e9cadas, siglos trabajando, <em class=\"mce\"> a la vez que <\/em>reconocemos que todas las personas tenemos un saber y una experiencia propia, intransferible, absolutamente valiosa para construir comunidad. Es necesario relacionar nuestros saberes para trabajar el bien com\u00fan des de las diferentes miradas, <em class=\"mce\"> reconoci\u00e9ndonos<\/em> y autoriz\u00e1ndonos mutuamente conocimientos y experiencias. Y esto es muy diferente de pretender que todas opinemos y decidamos sobre todo.<\/p>\n<p class=\"mce\">Puesto que <strong class=\"mce\"> el patriarcado est\u00e1 dentro de todas y cada una de nosotras y nosotros<\/strong>, busquemos las alianzas para quit\u00e1rnoslo de encima. Por eso, los procesos de construcci\u00f3n democr\u00e1tica que se est\u00e1n dando en tantas ciudades, de la mano de movimientos sociales y candidaturas diversas como las aqu\u00ed nombradas o tantas otras, tienen una potencialidad enorme para contribuir a un cambio radical en nuestras vidas&#8230; o no.<\/p>\n<hr \/>\n<p class=\"mce\">En el camino hacia la radicalidad democr\u00e1tica, el 25 de abril se presenta p\u00fablicamente en Barcelona la Alerta Feminista. La campa\u00f1a parte de la necesidad de expresar, exigir y ejercer la centralidad de los feminismos. Se concreta en cinco nodos: dar troncalidad a los feminismos; construir una pr\u00e1ctica pol\u00edtica y econ\u00f3mica centrada en la sostenibilidad de la vida; hacer pol\u00edtica en primera persona; acabar con las violencias machistas; y acabar con la cultura de la dominaci\u00f3n y la colonizaci\u00f3n de los cuerpos, la tierra y las culturas.<\/p>\n<hr \/>\n<p>Post basado en el art\u00edculo \u201c<a href=\"www.feministas.org\/feminismos-y-radicalidad.html\" target=\"_blank\">Feminismos y radicalidad democr\u00e1tica\u00bb<\/a>, publicado en la web de la Coordinadora Feminista.<\/p>\n<hr \/>\n<p>&nbsp;<\/p>\n<\/div>\n<p><\/p>","protected":false},"excerpt":{"rendered":"<p>El blog Pista Urbana de CatalunyaPlural (elDiario.es) \u00abquiere ser un espacio destinado a recoger debates, propuestas y an\u00e1lisis vinculados a los temas urbanos en un sentido muy amplio, aqu\u00ed y en todo el mundo. En las ciudades los cambios y <a class=\"more-link\" href=\"https:\/\/caials.blog.pangea.org\/es\/feminismos-ciudad-y-radicalidad-democratica\/\">Seguir leyendo <span class=\"screen-reader-text\">  (Catal\u00e0) Feminismos, ciudad y radicalidad democr\u00e1tica<\/span><span class=\"meta-nav\">&rarr;<\/span><\/a><\/p>\n","protected":false},"author":2457,"featured_media":390,"comment_status":"open","ping_status":"open","sticky":false,"template":"","format":"standard","meta":{"jetpack_post_was_ever_published":false,"_jetpack_newsletter_access":"","_jetpack_dont_email_post_to_subs":false,"_jetpack_newsletter_tier_id":0,"_jetpack_memberships_contains_paywalled_content":false,"_jetpack_memberships_contains_paid_content":false,"footnotes":"","jetpack_publicize_message":"","jetpack_publicize_feature_enabled":true,"jetpack_social_post_already_shared":true,"jetpack_social_options":{"image_generator_settings":{"template":"highway","default_image_id":0,"font":"","enabled":false},"version":2}},"categories":[25692],"tags":[601,25695,25685,25704],"class_list":["post-388","post","type-post","status-publish","format-standard","has-post-thumbnail","hentry","category-el-bloc-de-caials","tag-articles","tag-feminismes-2","tag-minims-comuns","tag-politica-de-la-relacio"],"jetpack_publicize_connections":[],"jetpack_featured_media_url":"https:\/\/i0.wp.com\/caials.blog.pangea.org\/files\/2015\/04\/Patriarcadourbano_JaumeBadosa.jpg?fit=643%2C362&ssl=1","jetpack_shortlink":"https:\/\/wp.me\/p4TQKH-6g","jetpack_sharing_enabled":true,"jetpack-related-posts":[{"id":318,"url":"https:\/\/caials.blog.pangea.org\/es\/pista-urbana-a-catalunyaplural-quin-es-el-subjecte-urba-de-les-nostres-ciutats\/","url_meta":{"origin":388,"position":0},"title":"Pista Urbana en @CatalunyaPlural: \u00bfCu\u00e1l es el sujeto urbano de nuestras ciudades?","author":"caials","date":"20 de enero de 2015","format":false,"excerpt":"Disculpa, pero esta entrada est\u00e1 disponible s\u00f3lo en Catal\u00e0.","rel":"","context":"En \u00abRecomanacions\u00bb","block_context":{"text":"Recomanacions","link":"https:\/\/caials.blog.pangea.org\/es\/category\/recomanacions\/"},"img":{"alt_text":"","src":"https:\/\/i0.wp.com\/caials.blog.pangea.org\/files\/2015\/04\/Patriarcadourbano_JaumeBadosa.jpg?fit=643%2C362&ssl=1&resize=350%2C200","width":350,"height":200,"srcset":"https:\/\/i0.wp.com\/caials.blog.pangea.org\/files\/2015\/04\/Patriarcadourbano_JaumeBadosa.jpg?fit=643%2C362&ssl=1&resize=350%2C200 1x, https:\/\/i0.wp.com\/caials.blog.pangea.org\/files\/2015\/04\/Patriarcadourbano_JaumeBadosa.jpg?fit=643%2C362&ssl=1&resize=525%2C300 1.5x"},"classes":[]},{"id":304,"url":"https:\/\/caials.blog.pangea.org\/es\/vols-fer-hi-una-ullada\/","url_meta":{"origin":388,"position":1},"title":"Le echas un ojo?","author":"caials","date":"13 de enero de 2015","format":false,"excerpt":"Caials porta poc m\u00e9s de 3 mesos en funcionament. \u00c9s un plaer compartir amb vosaltres els projectes en marxa i els realitzats fins el moment. Els trobareu a l'apartat Experi\u00e8ncia d'aquest web, tot just acabat d'actualitzar. \u00c9s il\u00b7lusionant iniciar col\u00b7laboracions en projectes tan diversos. Els aprenentatges i les experi\u00e8ncies es\u2026","rel":"","context":"En \u00abProjectes\u00bb","block_context":{"text":"Projectes","link":"https:\/\/caials.blog.pangea.org\/es\/category\/projectes\/"},"img":{"alt_text":"","src":"https:\/\/i0.wp.com\/caials.blog.pangea.org\/files\/2015\/01\/4648493891_fd575ca9c8_z.jpg?fit=640%2C427&ssl=1&resize=350%2C200","width":350,"height":200,"srcset":"https:\/\/i0.wp.com\/caials.blog.pangea.org\/files\/2015\/01\/4648493891_fd575ca9c8_z.jpg?fit=640%2C427&ssl=1&resize=350%2C200 1x, https:\/\/i0.wp.com\/caials.blog.pangea.org\/files\/2015\/01\/4648493891_fd575ca9c8_z.jpg?fit=640%2C427&ssl=1&resize=525%2C300 1.5x"},"classes":[]},{"id":276,"url":"https:\/\/caials.blog.pangea.org\/es\/fem-un-2015\/","url_meta":{"origin":388,"position":2},"title":"Hagamos un 2015&#8230;","author":"caials","date":"07 de enero de 2015","format":false,"excerpt":"De felicitat. Feta del dia a dia de totes i tots. De just\u00edcia, veritat i reparaci\u00f3, com diuen les feministes sudamericanes. De llibertat i autogesti\u00f3. Vital, personal, col\u00b7lectiva. I ple d'amistats i amors i pau. Encara que sigui un t\u00f2pic, \u00e9s (o hauria de ser) un desig real i profund.\u2026","rel":"","context":"En \u00abEl bloc de Caials\u00bb","block_context":{"text":"El bloc de Caials","link":"https:\/\/caials.blog.pangea.org\/es\/category\/el-bloc-de-caials\/"},"img":{"alt_text":"","src":"https:\/\/i0.wp.com\/caials.blog.pangea.org\/files\/2014\/07\/PedresCaials.jpg?fit=720%2C480&ssl=1&resize=350%2C200","width":350,"height":200,"srcset":"https:\/\/i0.wp.com\/caials.blog.pangea.org\/files\/2014\/07\/PedresCaials.jpg?fit=720%2C480&ssl=1&resize=350%2C200 1x, https:\/\/i0.wp.com\/caials.blog.pangea.org\/files\/2014\/07\/PedresCaials.jpg?fit=720%2C480&ssl=1&resize=525%2C300 1.5x, https:\/\/i0.wp.com\/caials.blog.pangea.org\/files\/2014\/07\/PedresCaials.jpg?fit=720%2C480&ssl=1&resize=700%2C400 2x"},"classes":[]},{"id":380,"url":"https:\/\/caials.blog.pangea.org\/es\/acsur-sabers-i-practiques-feministes-una-aproximacio-al-moviment-feminista-a-catalunya\/","url_meta":{"origin":388,"position":3},"title":"(Catal\u00e0) ACSUR | Sabers i Pr\u00e0ctiques Feministes: una aproximaci\u00f3 al Moviment Feminista a Catalunya","author":"caials","date":"08 de abril de 2015","format":false,"excerpt":"Coneixeu la recerca \"Sabers i Pr\u00e0ctiques Feministes: una aproximaci\u00f3 al Moviment Feminista de Catalunya\"? Les autores s\u00f3n Maria Palomares Arenas Cabral i Joana garcia Grenzner, dins el Programa Veus Dones Sud d\u2019ACSUR-Las Segovias, amb la coordinaci\u00f3 de Marta Tudela i el suport\u00a0del\u00a0Grup de Reflexi\u00f3, Investigaci\u00f3 i Metodologies com a direcci\u00f3\u2026","rel":"","context":"En \u00abRecomanacions\u00bb","block_context":{"text":"Recomanacions","link":"https:\/\/caials.blog.pangea.org\/es\/category\/recomanacions\/"},"img":{"alt_text":"Imatge publicaci\u00f3","src":"https:\/\/i0.wp.com\/caials.blog.pangea.org\/files\/2015\/04\/PublicacioACSUR-212x300.png?resize=350%2C200","width":350,"height":200},"classes":[]},{"id":459,"url":"https:\/\/caials.blog.pangea.org\/es\/els-nostres-cossos-les-nostres-vides-jornades-internacionals\/","url_meta":{"origin":388,"position":4},"title":"(Catal\u00e0) Els nostres cossos, les nostres vides : Jornades Internacionals","author":"caials","date":"08 de septiembre de 2015","format":false,"excerpt":"Disculpa, pero esta entrada est\u00e1 disponible s\u00f3lo en Catal\u00e0.","rel":"","context":"En \u00abRecomanacions\u00bb","block_context":{"text":"Recomanacions","link":"https:\/\/caials.blog.pangea.org\/es\/category\/recomanacions\/"},"img":{"alt_text":"NostresCossosVides","src":"https:\/\/i0.wp.com\/caials.blog.pangea.org\/files\/2015\/08\/NostresCossosVides-300x273.jpg?resize=350%2C200","width":350,"height":200},"classes":[]},{"id":399,"url":"https:\/\/caials.blog.pangea.org\/es\/teixim-resistencies-construim-esperances-espais-de-llibertat\/","url_meta":{"origin":388,"position":5},"title":"(Catal\u00e0) Teixim resist\u00e8ncies, constru\u00efm esperances :: Espais de llibertat","author":"caials","date":"05 de mayo de 2015","format":false,"excerpt":"Les Jornades \"Per una vida vivible en un m\u00f3n limitat\" van ser un punt de trobada de col\u00b7lectius feministes, ecofeministes i ecologistes, on vam poder entrecreuar mirades, formes de fer i experi\u00e8ncies, tot posant-nos en relaci\u00f3. A la web es recull el desenvolupament de les jornades i els v\u00eddeos de\u2026","rel":"","context":"En \u00abEl bloc de Caials\u00bb","block_context":{"text":"El bloc de Caials","link":"https:\/\/caials.blog.pangea.org\/es\/category\/el-bloc-de-caials\/"},"img":{"alt_text":"","src":"https:\/\/i0.wp.com\/caials.blog.pangea.org\/files\/2015\/05\/TeiximResistencies.jpg?fit=428%2C271&ssl=1&resize=350%2C200","width":350,"height":200},"classes":[]}],"_links":{"self":[{"href":"https:\/\/caials.blog.pangea.org\/es\/wp-json\/wp\/v2\/posts\/388","targetHints":{"allow":["GET"]}}],"collection":[{"href":"https:\/\/caials.blog.pangea.org\/es\/wp-json\/wp\/v2\/posts"}],"about":[{"href":"https:\/\/caials.blog.pangea.org\/es\/wp-json\/wp\/v2\/types\/post"}],"author":[{"embeddable":true,"href":"https:\/\/caials.blog.pangea.org\/es\/wp-json\/wp\/v2\/users\/2457"}],"replies":[{"embeddable":true,"href":"https:\/\/caials.blog.pangea.org\/es\/wp-json\/wp\/v2\/comments?post=388"}],"version-history":[{"count":9,"href":"https:\/\/caials.blog.pangea.org\/es\/wp-json\/wp\/v2\/posts\/388\/revisions"}],"predecessor-version":[{"id":479,"href":"https:\/\/caials.blog.pangea.org\/es\/wp-json\/wp\/v2\/posts\/388\/revisions\/479"}],"wp:featuredmedia":[{"embeddable":true,"href":"https:\/\/caials.blog.pangea.org\/es\/wp-json\/wp\/v2\/media\/390"}],"wp:attachment":[{"href":"https:\/\/caials.blog.pangea.org\/es\/wp-json\/wp\/v2\/media?parent=388"}],"wp:term":[{"taxonomy":"category","embeddable":true,"href":"https:\/\/caials.blog.pangea.org\/es\/wp-json\/wp\/v2\/categories?post=388"},{"taxonomy":"post_tag","embeddable":true,"href":"https:\/\/caials.blog.pangea.org\/es\/wp-json\/wp\/v2\/tags?post=388"}],"curies":[{"name":"wp","href":"https:\/\/api.w.org\/{rel}","templated":true}]}}