{"id":399,"date":"2015-05-05T20:54:44","date_gmt":"2015-05-05T20:54:44","guid":{"rendered":"http:\/\/caials.blog.pangea.org\/?p=399"},"modified":"2015-05-19T13:26:54","modified_gmt":"2015-05-19T13:26:54","slug":"teixim-resistencies-construim-esperances-espais-de-llibertat","status":"publish","type":"post","link":"https:\/\/caials.blog.pangea.org\/es\/teixim-resistencies-construim-esperances-espais-de-llibertat\/","title":{"rendered":"(Catal\u00e0) Teixim resist\u00e8ncies, constru\u00efm esperances :: Espais de llibertat"},"content":{"rendered":"<p class=\"qtranxs-available-languages-message qtranxs-available-languages-message-es\">Disculpa, pero esta entrada est\u00e1 disponible s\u00f3lo en <a href=\"https:\/\/caials.blog.pangea.org\/ca\/wp-json\/wp\/v2\/posts\/399\" class=\"qtranxs-available-language-link qtranxs-available-language-link-ca\" title=\"Catal\u00e0\">Catal\u00e0<\/a>.<\/p>","protected":false},"excerpt":{"rendered":"<p>Disculpa, pero esta entrada est\u00e1 disponible s\u00f3lo en Catal\u00e0.<\/p>\n","protected":false},"author":2457,"featured_media":403,"comment_status":"open","ping_status":"open","sticky":false,"template":"","format":"standard","meta":{"jetpack_post_was_ever_published":false,"_jetpack_newsletter_access":"","_jetpack_dont_email_post_to_subs":false,"_jetpack_newsletter_tier_id":0,"_jetpack_memberships_contains_paywalled_content":false,"_jetpack_memberships_contains_paid_content":false,"footnotes":"","jetpack_publicize_message":"","jetpack_publicize_feature_enabled":true,"jetpack_social_post_already_shared":true,"jetpack_social_options":{"image_generator_settings":{"template":"highway","default_image_id":0,"font":"","enabled":false},"version":2}},"categories":[25692],"tags":[25684,25695,25699,25704],"class_list":["post-399","post","type-post","status-publish","format-standard","has-post-thumbnail","hentry","category-el-bloc-de-caials","tag-democracia-participativa","tag-feminismes-2","tag-hi-participem","tag-politica-de-la-relacio"],"jetpack_publicize_connections":[],"jetpack_featured_media_url":"https:\/\/i0.wp.com\/caials.blog.pangea.org\/files\/2015\/05\/TeiximResistencies.jpg?fit=428%2C271&ssl=1","jetpack_shortlink":"https:\/\/wp.me\/p4TQKH-6r","jetpack_sharing_enabled":true,"jetpack-related-posts":[{"id":151,"url":"https:\/\/caials.blog.pangea.org\/es\/conversa-amb-itziar-gonzalez-i-frederic-vicent-lhora-l-cadena-ser\/","url_meta":{"origin":399,"position":0},"title":"Conversa amb Itziar Gonz\u00e1lez i Frederic Vicent. L&#8217;Hora L, Cadena Ser","author":"caials","date":"03 de septiembre de 2014","format":false,"excerpt":"Com diuen a la web de la Ser, a l'Hora L \"els dimecres \u00e9s el dia dels moviments socials, d'escoltar representants del teixit associatiu i d'acostar-nos a les seves lluites. Ens servir\u00e0 de guia l'arquitecte i exregidora Itziar Gonz\u00e1lez, que est\u00e0 impulsant el Parlament Ciutad\u00e0.\" El novembre del 2013 es\u2026","rel":"","context":"En \u00abNo t'ho perdis\u00bb","block_context":{"text":"No t'ho perdis","link":"https:\/\/caials.blog.pangea.org\/es\/category\/no-tho-perdis\/"},"img":{"alt_text":"","src":"https:\/\/i0.wp.com\/caials.blog.pangea.org\/files\/2014\/09\/LHoraL_1311.jpg?fit=1200%2C675&ssl=1&resize=350%2C200","width":350,"height":200,"srcset":"https:\/\/i0.wp.com\/caials.blog.pangea.org\/files\/2014\/09\/LHoraL_1311.jpg?fit=1200%2C675&ssl=1&resize=350%2C200 1x, https:\/\/i0.wp.com\/caials.blog.pangea.org\/files\/2014\/09\/LHoraL_1311.jpg?fit=1200%2C675&ssl=1&resize=525%2C300 1.5x, https:\/\/i0.wp.com\/caials.blog.pangea.org\/files\/2014\/09\/LHoraL_1311.jpg?fit=1200%2C675&ssl=1&resize=700%2C400 2x, https:\/\/i0.wp.com\/caials.blog.pangea.org\/files\/2014\/09\/LHoraL_1311.jpg?fit=1200%2C675&ssl=1&resize=1050%2C600 3x"},"classes":[]},{"id":14,"url":"https:\/\/caials.blog.pangea.org\/es\/entrevista-minims-comuns-a-feministescat\/","url_meta":{"origin":399,"position":1},"title":"Entrevista: m\u00ednims comuns? A @FeministesCat","author":"caials","date":"13 de julio de 2014","format":"video","excerpt":"Entrevista Betlem Ca\u00f1izar, Coordinadora de Caladona from Feministes de Catalunya on Vimeo. Betlem Ca\u00f1izar t\u00e9 una gran experi\u00e8ncia professional en la gesti\u00f3 cultural i com a experta en g\u00e8nere i pol\u00edtiques d'Igualtat. \u00c9s premi extraordinari de Llicenciatura en Humanitats per la UAB, i Postgrau en G\u00e8nere i Igualtat d\u2019Oportunitats per\u2026","rel":"","context":"En \u00abEl bloc de Caials\u00bb","block_context":{"text":"El bloc de Caials","link":"https:\/\/caials.blog.pangea.org\/es\/category\/el-bloc-de-caials\/"},"img":{"alt_text":"","src":"https:\/\/i0.wp.com\/caials.blog.pangea.org\/files\/2014\/07\/Imatge_Feministescat.jpg?fit=960%2C540&ssl=1&resize=350%2C200","width":350,"height":200,"srcset":"https:\/\/i0.wp.com\/caials.blog.pangea.org\/files\/2014\/07\/Imatge_Feministescat.jpg?fit=960%2C540&ssl=1&resize=350%2C200 1x, https:\/\/i0.wp.com\/caials.blog.pangea.org\/files\/2014\/07\/Imatge_Feministescat.jpg?fit=960%2C540&ssl=1&resize=525%2C300 1.5x, https:\/\/i0.wp.com\/caials.blog.pangea.org\/files\/2014\/07\/Imatge_Feministescat.jpg?fit=960%2C540&ssl=1&resize=700%2C400 2x"},"classes":[]},{"id":380,"url":"https:\/\/caials.blog.pangea.org\/es\/acsur-sabers-i-practiques-feministes-una-aproximacio-al-moviment-feminista-a-catalunya\/","url_meta":{"origin":399,"position":2},"title":"(Catal\u00e0) ACSUR | Sabers i Pr\u00e0ctiques Feministes: una aproximaci\u00f3 al Moviment Feminista a Catalunya","author":"caials","date":"08 de abril de 2015","format":false,"excerpt":"Coneixeu la recerca \"Sabers i Pr\u00e0ctiques Feministes: una aproximaci\u00f3 al Moviment Feminista de Catalunya\"? Les autores s\u00f3n Maria Palomares Arenas Cabral i Joana garcia Grenzner, dins el Programa Veus Dones Sud d\u2019ACSUR-Las Segovias, amb la coordinaci\u00f3 de Marta Tudela i el suport\u00a0del\u00a0Grup de Reflexi\u00f3, Investigaci\u00f3 i Metodologies com a direcci\u00f3\u2026","rel":"","context":"En \u00abRecomanacions\u00bb","block_context":{"text":"Recomanacions","link":"https:\/\/caials.blog.pangea.org\/es\/category\/recomanacions\/"},"img":{"alt_text":"Imatge publicaci\u00f3","src":"https:\/\/i0.wp.com\/caials.blog.pangea.org\/files\/2015\/04\/PublicacioACSUR-212x300.png?resize=350%2C200","width":350,"height":200},"classes":[]},{"id":358,"url":"https:\/\/caials.blog.pangea.org\/es\/3a-jornada-ddipas-construim-equitat-de-genere-des-de-laccio-social\/","url_meta":{"origin":399,"position":3},"title":"3\u00aa Jornada DDiPAS: \u2018Constru\u00efm equitat de g\u00e8nere des de l\u2019acci\u00f3 social\u2019","author":"caials","date":"27 de febrero de 2015","format":false,"excerpt":"La xarxa de Dones Directives i Professionals de l'Acci\u00f3 Social, com elles mateixes expliquen a la seva web, \u00e9s \"un espai impulsat per ECAS (federaci\u00f3 d\u2019Entitats Catalanes d\u2019Acci\u00f3 Social) amb l\u2019objectiu de potenciar la pres\u00e8ncia i la visibilitat de les dones a les organitzacions del tercer sector social\". El 26\u2026","rel":"","context":"En \u00abProjectes\u00bb","block_context":{"text":"Projectes","link":"https:\/\/caials.blog.pangea.org\/es\/category\/projectes\/"},"img":{"alt_text":"","src":"https:\/\/i0.wp.com\/caials.blog.pangea.org\/files\/2015\/02\/3sJornadesDDiPAS.jpg?fit=750%2C841&ssl=1&resize=350%2C200","width":350,"height":200,"srcset":"https:\/\/i0.wp.com\/caials.blog.pangea.org\/files\/2015\/02\/3sJornadesDDiPAS.jpg?fit=750%2C841&ssl=1&resize=350%2C200 1x, https:\/\/i0.wp.com\/caials.blog.pangea.org\/files\/2015\/02\/3sJornadesDDiPAS.jpg?fit=750%2C841&ssl=1&resize=525%2C300 1.5x, https:\/\/i0.wp.com\/caials.blog.pangea.org\/files\/2015\/02\/3sJornadesDDiPAS.jpg?fit=750%2C841&ssl=1&resize=700%2C400 2x"},"classes":[]},{"id":82,"url":"https:\/\/caials.blog.pangea.org\/es\/conflictes-corals-adaptacio-per-a-dues-veus-1\/","url_meta":{"origin":399,"position":4},"title":"Conflictes corals. Adaptaci\u00f3 per a dues veus (1)","author":"caials","date":"28 de agosto de 2014","format":false,"excerpt":"Betlem Ca\u00f1izar Bel (primera veu) i Mireia Bofill (com a parella interlocutora). Maig 2011. Publicat a La Teranyina 2. Escola Feminista d\u2019estiu 2010 L\u2019altre dia m\u2019ho deien: \u201ci perqu\u00e8 aquesta dona no vol saber res de nosaltres\u201d? Cada vegada que sento aquesta pregunta, o d\u2019altres similars, no ho puc evitar,\u2026","rel":"","context":"En \u00abEl bloc de Caials\u00bb","block_context":{"text":"El bloc de Caials","link":"https:\/\/caials.blog.pangea.org\/es\/category\/el-bloc-de-caials\/"},"img":{"alt_text":"NenaEfe","src":"https:\/\/i0.wp.com\/caials.blog.pangea.org\/files\/2014\/08\/NenaEfe.jpg?resize=350%2C200","width":350,"height":200},"classes":[]},{"id":258,"url":"https:\/\/caials.blog.pangea.org\/es\/jornades-coms-que-son-ques-%e3%80%8bradicalitats-democratiques-des-dels-feminismes\/","url_meta":{"origin":399,"position":5},"title":"Jornades Coms que s\u00f3n qu\u00e8s \u300bRadicalitats democr\u00e0tiques des dels feminismes","author":"caials","date":"13 de octubre de 2014","format":false,"excerpt":"La recomanaci\u00f3 d'aquesta setmana \u00e9s per a la jornada que l'1 de novembre es prepara a Ca la Dona. Neix del \"neguit\" d'un grup de dones per a \"debatre juntes i reflexionar sobre com fem que tot el nostre llegat de pr\u00e0ctiques,\u00a0 experi\u00e8ncies i relacions sigui un eix vertebrador de\u2026","rel":"","context":"En \u00abRecomanacions\u00bb","block_context":{"text":"Recomanacions","link":"https:\/\/caials.blog.pangea.org\/es\/category\/recomanacions\/"},"img":{"alt_text":"","src":"https:\/\/i0.wp.com\/caials.blog.pangea.org\/files\/2014\/10\/wpid-cropped-512px-square_and_colors_a-svg.png?fit=270%2C270&ssl=1&resize=350%2C200","width":350,"height":200},"classes":[]}],"_links":{"self":[{"href":"https:\/\/caials.blog.pangea.org\/es\/wp-json\/wp\/v2\/posts\/399","targetHints":{"allow":["GET"]}}],"collection":[{"href":"https:\/\/caials.blog.pangea.org\/es\/wp-json\/wp\/v2\/posts"}],"about":[{"href":"https:\/\/caials.blog.pangea.org\/es\/wp-json\/wp\/v2\/types\/post"}],"author":[{"embeddable":true,"href":"https:\/\/caials.blog.pangea.org\/es\/wp-json\/wp\/v2\/users\/2457"}],"replies":[{"embeddable":true,"href":"https:\/\/caials.blog.pangea.org\/es\/wp-json\/wp\/v2\/comments?post=399"}],"version-history":[{"count":5,"href":"https:\/\/caials.blog.pangea.org\/es\/wp-json\/wp\/v2\/posts\/399\/revisions"}],"predecessor-version":[{"id":417,"href":"https:\/\/caials.blog.pangea.org\/es\/wp-json\/wp\/v2\/posts\/399\/revisions\/417"}],"wp:featuredmedia":[{"embeddable":true,"href":"https:\/\/caials.blog.pangea.org\/es\/wp-json\/wp\/v2\/media\/403"}],"wp:attachment":[{"href":"https:\/\/caials.blog.pangea.org\/es\/wp-json\/wp\/v2\/media?parent=399"}],"wp:term":[{"taxonomy":"category","embeddable":true,"href":"https:\/\/caials.blog.pangea.org\/es\/wp-json\/wp\/v2\/categories?post=399"},{"taxonomy":"post_tag","embeddable":true,"href":"https:\/\/caials.blog.pangea.org\/es\/wp-json\/wp\/v2\/tags?post=399"}],"curies":[{"name":"wp","href":"https:\/\/api.w.org\/{rel}","templated":true}]}}