{"id":464,"date":"2015-08-28T13:26:10","date_gmt":"2015-08-28T13:26:10","guid":{"rendered":"http:\/\/caials.blog.pangea.org\/?p=464"},"modified":"2015-08-28T13:43:44","modified_gmt":"2015-08-28T13:43:44","slug":"contramemoria-oblidem-loblit","status":"publish","type":"post","link":"https:\/\/caials.blog.pangea.org\/es\/contramemoria-oblidem-loblit\/","title":{"rendered":"Contramem\u00f2ria: Oblidem l&#8217;Oblit"},"content":{"rendered":"<p><a href=\"https:\/\/i0.wp.com\/caials.blog.pangea.org\/files\/2015\/08\/wpid-tapafa2.jpg\"><img data-recalc-dims=\"1\" decoding=\"async\" title=\"tapaFA.jpg\" class=\"alignleft size-full\" alt=\"image\" src=\"https:\/\/i0.wp.com\/caials.blog.pangea.org\/files\/2015\/08\/wpid-tapafa2.jpg?w=530\" \/><\/a><\/p>\n<p>Les amigues de la <a href=\"http:\/\/femartmostra.blogspot.com.es\">FEMART<\/a> envien aquesta not\u00edcia. Amb ella, aprofito per a difondre la convocat\u00f2ria per a la presentaci\u00f3 d&#8217;obres a la propera Mostra:<\/p>\n<p>\u00abJOSE MARIA CARRASCO, director i presentador del programa de r\u00e0dio \u00abPrefer\u00e8ncies\u00bb (RNE Catalunya\/R\u00e0dio 4) ha convidat a l&#8217;equip de la Mostra FEM ART a presentar la convocat\u00f2ria de la 21\u00aa edici\u00f3, amb la tem\u00e0tica Contramem\u00f2ria: Oblidem l&#8217;oblit!<\/p>\n<p>Us convidem a escoltar-la i us recordem les dates d&#8217;entrega de les vostres propostes art\u00edstiques, del 1 al 4 de setembre.<br \/>\nEntrevista a R\u00e0dio 4 sobre FEMART 2015<br \/>\nParlem amb Karol Bergeret i J\u00falia Llull<br \/>\nPrefer\u00e8ncies&nbsp; Dilluns a diumenge de 19.00 a 21.00 hores<\/p>\n<p>Convocat\u00f2ria FEMART 2015:<\/p>\n<p>Contramem\u00f2ria: oblidem l&#8217;oblit!<\/p>\n<p>Els nostres cossos feministes segueixen desobeint&#8230;<\/p>\n<p>Sabem que la hist\u00f2ria de la humanitat nom\u00e9s fa refer\u00e8ncia a la meitat del m\u00f3n, que \u00e9s una narraci\u00f3 interessada i que la nostra mem\u00f2ria \u00e9s una mem\u00f2ria indu\u00efda\/segrestada.<\/p>\n<p>No volem ser el descuit d\u2019un discurs ni buscar-nos darrera l\u2019oblit patriarcal, ni en all\u00f2 no dit per qui controla la paraula.<\/p>\n<p>Per aix\u00f2 exercirem la contramem\u00f2ria i oblidarem l\u2019oblit.<\/p>\n<p>El nostre passat \u00e9s quelcom com una realitat paral\u2022lela no explorada encara prou, el llenguatge dominant sols ens permet \u201crecordar\u201d algunes dones que saberen destacar fent incursions valentes en el m\u00f3n dels homes.<\/p>\n<p>Contramem\u00f2ria vol dir canviar la direcci\u00f3 en la qual flueixen les coses. \u00c9s donar carta de realitat a un passat amb el qual ens podem identificar fora de tot racionalisme normatiu.<\/p>\n<p>Tanmateix, el passat no \u00e9s un temps cancel\u00b7lat i est\u00e0 absolutament incorporat en el nostre present, \u00e9s mat\u00e8ria manipulable, i el futur reclama una nova relectura d\u2019aquesta mat\u00e8ria.<\/p>\n<p>Precisament la certesa que el futur \u00e9s nostre trenca la dicotomia passat-futur. Aquest futur prometedor i gener\u00f3s reclama un passat a l\u2019al\u00e7ada. Una mem\u00f2ria nova. Un passat impensable dins del patriarcat. Una contramem\u00f2ria que mostri aquest univers paral\u2022lel, millor dit perpendicular a la narraci\u00f3 masculina.<\/p>\n<p>L\u2019 atemporalitat de l\u2019art, la seva ubiq\u00fcitat ens pot permetre fer reversible el binomi passat-futur:<\/p>\n<p>Fer del joc art\u00edstic creatiu, super-real, re-significatiu, tendre, divertit, ir\u00f2nic, irreverent, provocatiu, &#8230; un acte revolucionari a-temporal: imaginar i fer all\u00f2 que hagu\u00e9s pogut ser i no fou, per\u00f2 que pot ser encara.<\/p>\n<p>Proposem una intervenci\u00f3 art\u00edstica en el nostre passat, per recordar all\u00f2 que sembla que no ha existit pel fet de no ser dit, que no sabem perqu\u00e8 no ha estat anomenat, per\u00f2 que avui tanmateix som capaces de re-inventar.<\/p>\n<p>BASES FEMART 2015<\/p>\n<p>A la Mostra hi poden participar les dones que ho desitgin.<\/p>\n<p>Es poden presentar obres i projectes de qualsevol disciplina art\u00edstica (arts visuals, esc\u00e8niques, musicals), sempre que girin entorn del tema proposat.<\/p>\n<p>Documents que cal presentar (nom\u00e9s per correu-e)*:<\/p>\n<p>1.- Descripci\u00f3 del projecte\/obra presentat en relaci\u00f3 a la tem\u00e0tica de la Mostra: m\u00e0xim 20 l\u00ednies (document word:, no en format pdf.!)<\/p>\n<p>2.- Imatges de l&#8217;obra (150dpi, m\u00e0xim 20&#215;20, m\u00e0x. 1M), video (segons la modalitat art\u00edstica) o esquema gr\u00e0fic del projecte art\u00edstic.<\/p>\n<p>3.- Curr\u00edculum (m\u00e0xim 20 l\u00ednies).<\/p>\n<p>4.- Fitxa t\u00e8cnica de l\u2019obra\/projecte (dades b\u00e0siques: t\u00edtol, any, dimensions, t\u00e8cnica) i dades de l\u2019artista (nom, mail, tel\u00e8fon, web\/blog)<\/p>\n<ul>\n<li>La participaci\u00f3 quedar\u00e0 validada en rebre un correu de confirmaci\u00f3 de Femart.<\/li>\n<\/ul>\n<p>Presentaci\u00f3 de propostes:<\/p>\n<p>De l\u20191 al 4 de setembre 2015<\/p>\n<p>Contacte: mostrafemart@gmail.com<\/p>\n<p>L\u2019equip de selecci\u00f3 de les propostes estar\u00e0 format per feministes vinculades al m\u00f3n de les arts (Ca la Dona no assumeix el cost de la producci\u00f3, que va a c\u00e0rrec de l\u2019artista).<\/p>\n<p>Les obres seleccionades s\u2019exposaran a la seu de Ca la Dona del 16 d\u2019octubre al 12 novembre.<\/p>\n<p>Premi Femart: seleccionarem una de les artistes participants i li oferirem la possibilitat de tenir una exposici\u00f3 pr\u00f2pia al mateix espai, durant un mes, al llarg del 2016.<\/p>\n<p>BASES EN CASTELLANO<\/p>\n<p>Equip FemArt&#8217;15<br \/>\nCoordinadores: Karol Bergeret i Laia Pinsach<br \/>\nI a la comissi\u00f3: Teresa Sanz, Maria Pons, Anna Fando, Solange Morello\u200b i Julia Llull.<\/p>\n<p><a href=\"http:\/\/femartmostra.blogspot.com.es\">http:\/\/femartmostra.blogspot.com.es<\/a><br \/>\nOrganitza Ca la Dona<br \/>\nAmb el suport de: Generalitat de Catalunya-Institut Catal\u00e0 de les Dones i Diputaci\u00f3 de Barcelona<\/p>\n<p>Ca la Dona<br \/>\nRipoll, 25 \/ 08002 Barcelona<br \/>\ntel. 934127161<br \/>\nwww.caladona.org \/ info@caladona.org\u00bb<\/p>\n","protected":false},"excerpt":{"rendered":"<p>Les amigues de la FEMART envien aquesta not\u00edcia. Amb ella, aprofito per a difondre la convocat\u00f2ria per a la presentaci\u00f3 d&#8217;obres a la propera Mostra: \u00abJOSE MARIA CARRASCO, director i presentador del programa de r\u00e0dio \u00abPrefer\u00e8ncies\u00bb (RNE Catalunya\/R\u00e0dio 4) ha <a class=\"more-link\" href=\"https:\/\/caials.blog.pangea.org\/es\/contramemoria-oblidem-loblit\/\">Seguir leyendo <span class=\"screen-reader-text\">  Contramem\u00f2ria: Oblidem l&#8217;Oblit<\/span><span class=\"meta-nav\">&rarr;<\/span><\/a><\/p>\n","protected":false},"author":2457,"featured_media":0,"comment_status":"open","ping_status":"open","sticky":false,"template":"","format":"standard","meta":{"jetpack_post_was_ever_published":false,"_jetpack_newsletter_access":"","_jetpack_dont_email_post_to_subs":false,"_jetpack_newsletter_tier_id":0,"_jetpack_memberships_contains_paywalled_content":false,"_jetpack_memberships_contains_paid_content":false,"footnotes":"","jetpack_publicize_message":"","jetpack_publicize_feature_enabled":true,"jetpack_social_post_already_shared":true,"jetpack_social_options":{"image_generator_settings":{"template":"highway","default_image_id":0,"font":"","enabled":false},"version":2}},"categories":[3888],"tags":[134,25722],"class_list":["post-464","post","type-post","status-publish","format-standard","hentry","category-recomanacions","tag-art","tag-ca-la-dona"],"jetpack_publicize_connections":[],"jetpack_featured_media_url":"","jetpack_shortlink":"https:\/\/wp.me\/p4TQKH-7u","jetpack_sharing_enabled":true,"jetpack-related-posts":[{"id":219,"url":"https:\/\/caials.blog.pangea.org\/es\/28desetembre-avortament\/","url_meta":{"origin":464,"position":0},"title":"drets sexuals i reproductius i dret a decidir","author":"caials","date":"24 de septiembre de 2014","format":false,"excerpt":"Portem anys d'agitaci\u00f3 entorn l'avortament i, des de ja fa un parell d'anys davant les not\u00edcies, ara si i ara no, d'una reforma de la Llei de Drets Sexuals i Reproductius i de la Interrupci\u00f3 Volunt\u00e0ria de l'Embar\u00e0s aprovada el 2010. El projecte de l'ara ja ex-ministre de Just\u00edcia, Alberto\u2026","rel":"","context":"En \u00abNo t'ho perdis\u00bb","block_context":{"text":"No t'ho perdis","link":"https:\/\/caials.blog.pangea.org\/es\/category\/no-tho-perdis\/"},"img":{"alt_text":"GALLARDON_1","src":"https:\/\/i0.wp.com\/caials.blog.pangea.org\/files\/2014\/09\/GALLARDON_1.jpg?resize=350%2C200","width":350,"height":200},"classes":[]},{"id":370,"url":"https:\/\/caials.blog.pangea.org\/es\/v-congres-estatal-deconomia-feminista-vic-2-3-i-4-de-juliol\/","url_meta":{"origin":464,"position":1},"title":"V Congreso Estatal de Economia Feminista &#8211; Vic &#8211; 2, 3 i 4 de juliol","author":"caials","date":"10 de marzo de 2015","format":false,"excerpt":"L'octubre de 2013, el IV\u00a0Congreso Estatal de Economia Feminista\u00a0 organitzat des de la Universidad Pablo de Olavide va ser tot un esdeveniment\u00a0pels feminismes (i esperem que tamb\u00e9 pel m\u00f3n de l'economia)\u00a0on hi van participar m\u00e9s de 300 persones de l'acad\u00e8mia i l'activisme. Enguany, la Universitat de Vic \u00e9s l'encarregada de\u2026","rel":"","context":"En \u00abRecomanacions\u00bb","block_context":{"text":"Recomanacions","link":"https:\/\/caials.blog.pangea.org\/es\/category\/recomanacions\/"},"img":{"alt_text":"","src":"","width":0,"height":0},"classes":[]},{"id":456,"url":"https:\/\/caials.blog.pangea.org\/es\/curs-les-transformacions-en-els-treballs-des-dels-drets\/","url_meta":{"origin":464,"position":2},"title":"(Catal\u00e0) Curs: les transformacions en els treballs, des dels drets.","author":"caials","date":"04 de agosto de 2015","format":false,"excerpt":"Disculpa, pero esta entrada est\u00e1 disponible s\u00f3lo en Catal\u00e0.","rel":"","context":"En \u00abRecomanacions\u00bb","block_context":{"text":"Recomanacions","link":"https:\/\/caials.blog.pangea.org\/es\/category\/recomanacions\/"},"img":{"alt_text":"","src":"https:\/\/i0.wp.com\/observatoridesc.org\/sites\/default\/files\/imagecache\/300x200\/meme10anyscursdretssocials_0.jpg?resize=350%2C200","width":350,"height":200},"classes":[]},{"id":82,"url":"https:\/\/caials.blog.pangea.org\/es\/conflictes-corals-adaptacio-per-a-dues-veus-1\/","url_meta":{"origin":464,"position":3},"title":"Conflictes corals. Adaptaci\u00f3 per a dues veus (1)","author":"caials","date":"28 de agosto de 2014","format":false,"excerpt":"Betlem Ca\u00f1izar Bel (primera veu) i Mireia Bofill (com a parella interlocutora). Maig 2011. Publicat a La Teranyina 2. Escola Feminista d\u2019estiu 2010 L\u2019altre dia m\u2019ho deien: \u201ci perqu\u00e8 aquesta dona no vol saber res de nosaltres\u201d? Cada vegada que sento aquesta pregunta, o d\u2019altres similars, no ho puc evitar,\u2026","rel":"","context":"En \u00abEl bloc de Caials\u00bb","block_context":{"text":"El bloc de Caials","link":"https:\/\/caials.blog.pangea.org\/es\/category\/el-bloc-de-caials\/"},"img":{"alt_text":"NenaEfe","src":"https:\/\/i0.wp.com\/caials.blog.pangea.org\/files\/2014\/08\/NenaEfe.jpg?resize=350%2C200","width":350,"height":200},"classes":[]},{"id":527,"url":"https:\/\/caials.blog.pangea.org\/es\/estat-de-la-questio\/","url_meta":{"origin":464,"position":4},"title":"(Catal\u00e0) Estat de la q\u00fcesti\u00f3","author":"caials","date":"14 de mayo de 2017","format":false,"excerpt":"Disculpa, pero esta entrada est\u00e1 disponible s\u00f3lo en Catal\u00e0.","rel":"","context":"En \u00abEl bloc de Caials\u00bb","block_context":{"text":"El bloc de Caials","link":"https:\/\/caials.blog.pangea.org\/es\/category\/el-bloc-de-caials\/"},"img":{"alt_text":"","src":"https:\/\/i0.wp.com\/caials.blog.pangea.org\/files\/2014\/06\/imatge_legos.jpg?fit=640%2C426&ssl=1&resize=350%2C200","width":350,"height":200,"srcset":"https:\/\/i0.wp.com\/caials.blog.pangea.org\/files\/2014\/06\/imatge_legos.jpg?fit=640%2C426&ssl=1&resize=350%2C200 1x, https:\/\/i0.wp.com\/caials.blog.pangea.org\/files\/2014\/06\/imatge_legos.jpg?fit=640%2C426&ssl=1&resize=525%2C300 1.5x"},"classes":[]},{"id":388,"url":"https:\/\/caials.blog.pangea.org\/es\/feminismos-ciudad-y-radicalidad-democratica\/","url_meta":{"origin":464,"position":5},"title":"(Catal\u00e0) Feminismos, ciudad y radicalidad democr\u00e1tica","author":"caials","date":"21 de abril de 2015","format":false,"excerpt":"El blog Pista Urbana de CatalunyaPlural (elDiario.es) \"quiere ser un espacio destinado a recoger debates, propuestas y an\u00e1lisis vinculados a los temas urbanos en un sentido muy amplio, aqu\u00ed y en todo el mundo. En las ciudades los cambios y las transformaciones se hacen muy evidentes, y por lo tanto\u2026","rel":"","context":"En \u00abEl bloc de Caials\u00bb","block_context":{"text":"El bloc de Caials","link":"https:\/\/caials.blog.pangea.org\/es\/category\/el-bloc-de-caials\/"},"img":{"alt_text":"","src":"https:\/\/i0.wp.com\/caials.blog.pangea.org\/files\/2015\/04\/Patriarcadourbano_JaumeBadosa.jpg?fit=643%2C362&ssl=1&resize=350%2C200","width":350,"height":200,"srcset":"https:\/\/i0.wp.com\/caials.blog.pangea.org\/files\/2015\/04\/Patriarcadourbano_JaumeBadosa.jpg?fit=643%2C362&ssl=1&resize=350%2C200 1x, https:\/\/i0.wp.com\/caials.blog.pangea.org\/files\/2015\/04\/Patriarcadourbano_JaumeBadosa.jpg?fit=643%2C362&ssl=1&resize=525%2C300 1.5x"},"classes":[]}],"_links":{"self":[{"href":"https:\/\/caials.blog.pangea.org\/es\/wp-json\/wp\/v2\/posts\/464","targetHints":{"allow":["GET"]}}],"collection":[{"href":"https:\/\/caials.blog.pangea.org\/es\/wp-json\/wp\/v2\/posts"}],"about":[{"href":"https:\/\/caials.blog.pangea.org\/es\/wp-json\/wp\/v2\/types\/post"}],"author":[{"embeddable":true,"href":"https:\/\/caials.blog.pangea.org\/es\/wp-json\/wp\/v2\/users\/2457"}],"replies":[{"embeddable":true,"href":"https:\/\/caials.blog.pangea.org\/es\/wp-json\/wp\/v2\/comments?post=464"}],"version-history":[{"count":4,"href":"https:\/\/caials.blog.pangea.org\/es\/wp-json\/wp\/v2\/posts\/464\/revisions"}],"predecessor-version":[{"id":471,"href":"https:\/\/caials.blog.pangea.org\/es\/wp-json\/wp\/v2\/posts\/464\/revisions\/471"}],"wp:attachment":[{"href":"https:\/\/caials.blog.pangea.org\/es\/wp-json\/wp\/v2\/media?parent=464"}],"wp:term":[{"taxonomy":"category","embeddable":true,"href":"https:\/\/caials.blog.pangea.org\/es\/wp-json\/wp\/v2\/categories?post=464"},{"taxonomy":"post_tag","embeddable":true,"href":"https:\/\/caials.blog.pangea.org\/es\/wp-json\/wp\/v2\/tags?post=464"}],"curies":[{"name":"wp","href":"https:\/\/api.w.org\/{rel}","templated":true}]}}