{"id":476,"date":"2015-09-04T11:23:10","date_gmt":"2015-09-04T11:23:10","guid":{"rendered":"http:\/\/caials.blog.pangea.org\/?p=476"},"modified":"2015-09-04T11:24:07","modified_gmt":"2015-09-04T11:24:07","slug":"una-segona-ullada","status":"publish","type":"post","link":"https:\/\/caials.blog.pangea.org\/es\/una-segona-ullada\/","title":{"rendered":"(Catal\u00e0) Una segona ullada"},"content":{"rendered":"<p class=\"qtranxs-available-languages-message qtranxs-available-languages-message-es\">Disculpa, pero esta entrada est\u00e1 disponible s\u00f3lo en <a href=\"https:\/\/caials.blog.pangea.org\/ca\/wp-json\/wp\/v2\/posts\/476\" class=\"qtranxs-available-language-link qtranxs-available-language-link-ca\" title=\"Catal\u00e0\">Catal\u00e0<\/a>.<\/p>","protected":false},"excerpt":{"rendered":"<p>Disculpa, pero esta entrada est\u00e1 disponible s\u00f3lo en Catal\u00e0.<\/p>\n","protected":false},"author":2457,"featured_media":329,"comment_status":"open","ping_status":"open","sticky":false,"template":"","format":"standard","meta":{"jetpack_post_was_ever_published":false,"_jetpack_newsletter_access":"","_jetpack_dont_email_post_to_subs":false,"_jetpack_newsletter_tier_id":0,"_jetpack_memberships_contains_paywalled_content":false,"_jetpack_memberships_contains_paid_content":false,"footnotes":"","jetpack_publicize_message":"","jetpack_publicize_feature_enabled":true,"jetpack_social_post_already_shared":true,"jetpack_social_options":{"image_generator_settings":{"template":"highway","default_image_id":0,"font":"","enabled":false},"version":2}},"categories":[5],"tags":[25710],"class_list":["post-476","post","type-post","status-publish","format-standard","has-post-thumbnail","hentry","category-projectes","tag-collaboracions"],"jetpack_publicize_connections":[],"jetpack_featured_media_url":"https:\/\/i0.wp.com\/caials.blog.pangea.org\/files\/2015\/01\/4648493891_fd575ca9c8_z.jpg?fit=640%2C427&ssl=1","jetpack_shortlink":"https:\/\/wp.me\/p4TQKH-7G","jetpack_sharing_enabled":true,"jetpack-related-posts":[{"id":493,"url":"https:\/\/caials.blog.pangea.org\/es\/molta-activitat-pero-no-al-bloc\/","url_meta":{"origin":476,"position":0},"title":"(Catal\u00e0) Molta activitat, per\u00f2 no al bloc","author":"caials","date":"20 de enero de 2016","format":false,"excerpt":"Disculpa, pero esta entrada est\u00e1 disponible s\u00f3lo en Catal\u00e0.","rel":"","context":"En \u00abEl bloc de Caials\u00bb","block_context":{"text":"El bloc de Caials","link":"https:\/\/caials.blog.pangea.org\/es\/category\/el-bloc-de-caials\/"},"img":{"alt_text":"PedresCaials","src":"https:\/\/i0.wp.com\/caials.blog.pangea.org\/files\/2014\/07\/PedresCaials-300x200.jpg?resize=350%2C200","width":350,"height":200},"classes":[]},{"id":304,"url":"https:\/\/caials.blog.pangea.org\/es\/vols-fer-hi-una-ullada\/","url_meta":{"origin":476,"position":1},"title":"Le echas un ojo?","author":"caials","date":"13 de enero de 2015","format":false,"excerpt":"Caials porta poc m\u00e9s de 3 mesos en funcionament. \u00c9s un plaer compartir amb vosaltres els projectes en marxa i els realitzats fins el moment. Els trobareu a l'apartat Experi\u00e8ncia d'aquest web, tot just acabat d'actualitzar. \u00c9s il\u00b7lusionant iniciar col\u00b7laboracions en projectes tan diversos. Els aprenentatges i les experi\u00e8ncies es\u2026","rel":"","context":"En \u00abProjectes\u00bb","block_context":{"text":"Projectes","link":"https:\/\/caials.blog.pangea.org\/es\/category\/projectes\/"},"img":{"alt_text":"","src":"https:\/\/i0.wp.com\/caials.blog.pangea.org\/files\/2015\/01\/4648493891_fd575ca9c8_z.jpg?fit=640%2C427&ssl=1&resize=350%2C200","width":350,"height":200,"srcset":"https:\/\/i0.wp.com\/caials.blog.pangea.org\/files\/2015\/01\/4648493891_fd575ca9c8_z.jpg?fit=640%2C427&ssl=1&resize=350%2C200 1x, https:\/\/i0.wp.com\/caials.blog.pangea.org\/files\/2015\/01\/4648493891_fd575ca9c8_z.jpg?fit=640%2C427&ssl=1&resize=525%2C300 1.5x"},"classes":[]},{"id":408,"url":"https:\/\/caials.blog.pangea.org\/es\/cap-a-santa-coloma-dia-internacional-daccio-per-la-salut-de-les-dones\/","url_meta":{"origin":476,"position":2},"title":"(Catal\u00e0) Cap a Santa Coloma :: Dia Internacional d&#8217;Acci\u00f3 per la Salut de les Dones","author":"caials","date":"19 de mayo de 2015","format":false,"excerpt":"\u00a0 Sabeu que el 28 de maig \u00e9s el Dia Internacional d'Acci\u00f3 per la Salut de les Dones? A Santa Coloma el celebren amb la projecci\u00f3 del documental\u00a0Menopausa Rebel, amb una ponent imperdible,\u00a0Dolores Juliano, i les referents en el m\u00f3n del cinema i l'audiovisual de la cooperativa Drac M\u00e0gic. I\u2026","rel":"","context":"En \u00abEl bloc de Caials\u00bb","block_context":{"text":"El bloc de Caials","link":"https:\/\/caials.blog.pangea.org\/es\/category\/el-bloc-de-caials\/"},"img":{"alt_text":"15_DiaInternacSalutDones_StaCo_a","src":"https:\/\/i0.wp.com\/caials.blog.pangea.org\/files\/2015\/05\/15_DiaInternacSalutDones_StaCo_a.png?resize=350%2C200","width":350,"height":200},"classes":[]},{"id":318,"url":"https:\/\/caials.blog.pangea.org\/es\/pista-urbana-a-catalunyaplural-quin-es-el-subjecte-urba-de-les-nostres-ciutats\/","url_meta":{"origin":476,"position":3},"title":"Pista Urbana en @CatalunyaPlural: \u00bfCu\u00e1l es el sujeto urbano de nuestras ciudades?","author":"caials","date":"20 de enero de 2015","format":false,"excerpt":"Disculpa, pero esta entrada est\u00e1 disponible s\u00f3lo en Catal\u00e0.","rel":"","context":"En \u00abRecomanacions\u00bb","block_context":{"text":"Recomanacions","link":"https:\/\/caials.blog.pangea.org\/es\/category\/recomanacions\/"},"img":{"alt_text":"","src":"https:\/\/i0.wp.com\/caials.blog.pangea.org\/files\/2015\/04\/Patriarcadourbano_JaumeBadosa.jpg?fit=643%2C362&ssl=1&resize=350%2C200","width":350,"height":200,"srcset":"https:\/\/i0.wp.com\/caials.blog.pangea.org\/files\/2015\/04\/Patriarcadourbano_JaumeBadosa.jpg?fit=643%2C362&ssl=1&resize=350%2C200 1x, https:\/\/i0.wp.com\/caials.blog.pangea.org\/files\/2015\/04\/Patriarcadourbano_JaumeBadosa.jpg?fit=643%2C362&ssl=1&resize=525%2C300 1.5x"},"classes":[]},{"id":258,"url":"https:\/\/caials.blog.pangea.org\/es\/jornades-coms-que-son-ques-%e3%80%8bradicalitats-democratiques-des-dels-feminismes\/","url_meta":{"origin":476,"position":4},"title":"Jornades Coms que s\u00f3n qu\u00e8s \u300bRadicalitats democr\u00e0tiques des dels feminismes","author":"caials","date":"13 de octubre de 2014","format":false,"excerpt":"La recomanaci\u00f3 d'aquesta setmana \u00e9s per a la jornada que l'1 de novembre es prepara a Ca la Dona. Neix del \"neguit\" d'un grup de dones per a \"debatre juntes i reflexionar sobre com fem que tot el nostre llegat de pr\u00e0ctiques,\u00a0 experi\u00e8ncies i relacions sigui un eix vertebrador de\u2026","rel":"","context":"En \u00abRecomanacions\u00bb","block_context":{"text":"Recomanacions","link":"https:\/\/caials.blog.pangea.org\/es\/category\/recomanacions\/"},"img":{"alt_text":"","src":"https:\/\/i0.wp.com\/caials.blog.pangea.org\/files\/2014\/10\/wpid-cropped-512px-square_and_colors_a-svg.png?fit=270%2C270&ssl=1&resize=350%2C200","width":350,"height":200},"classes":[]},{"id":527,"url":"https:\/\/caials.blog.pangea.org\/es\/estat-de-la-questio\/","url_meta":{"origin":476,"position":5},"title":"(Catal\u00e0) Estat de la q\u00fcesti\u00f3","author":"caials","date":"14 de mayo de 2017","format":false,"excerpt":"Disculpa, pero esta entrada est\u00e1 disponible s\u00f3lo en Catal\u00e0.","rel":"","context":"En \u00abEl bloc de Caials\u00bb","block_context":{"text":"El bloc de Caials","link":"https:\/\/caials.blog.pangea.org\/es\/category\/el-bloc-de-caials\/"},"img":{"alt_text":"","src":"https:\/\/i0.wp.com\/caials.blog.pangea.org\/files\/2014\/06\/imatge_legos.jpg?fit=640%2C426&ssl=1&resize=350%2C200","width":350,"height":200,"srcset":"https:\/\/i0.wp.com\/caials.blog.pangea.org\/files\/2014\/06\/imatge_legos.jpg?fit=640%2C426&ssl=1&resize=350%2C200 1x, https:\/\/i0.wp.com\/caials.blog.pangea.org\/files\/2014\/06\/imatge_legos.jpg?fit=640%2C426&ssl=1&resize=525%2C300 1.5x"},"classes":[]}],"_links":{"self":[{"href":"https:\/\/caials.blog.pangea.org\/es\/wp-json\/wp\/v2\/posts\/476","targetHints":{"allow":["GET"]}}],"collection":[{"href":"https:\/\/caials.blog.pangea.org\/es\/wp-json\/wp\/v2\/posts"}],"about":[{"href":"https:\/\/caials.blog.pangea.org\/es\/wp-json\/wp\/v2\/types\/post"}],"author":[{"embeddable":true,"href":"https:\/\/caials.blog.pangea.org\/es\/wp-json\/wp\/v2\/users\/2457"}],"replies":[{"embeddable":true,"href":"https:\/\/caials.blog.pangea.org\/es\/wp-json\/wp\/v2\/comments?post=476"}],"version-history":[{"count":1,"href":"https:\/\/caials.blog.pangea.org\/es\/wp-json\/wp\/v2\/posts\/476\/revisions"}],"predecessor-version":[{"id":477,"href":"https:\/\/caials.blog.pangea.org\/es\/wp-json\/wp\/v2\/posts\/476\/revisions\/477"}],"wp:featuredmedia":[{"embeddable":true,"href":"https:\/\/caials.blog.pangea.org\/es\/wp-json\/wp\/v2\/media\/329"}],"wp:attachment":[{"href":"https:\/\/caials.blog.pangea.org\/es\/wp-json\/wp\/v2\/media?parent=476"}],"wp:term":[{"taxonomy":"category","embeddable":true,"href":"https:\/\/caials.blog.pangea.org\/es\/wp-json\/wp\/v2\/categories?post=476"},{"taxonomy":"post_tag","embeddable":true,"href":"https:\/\/caials.blog.pangea.org\/es\/wp-json\/wp\/v2\/tags?post=476"}],"curies":[{"name":"wp","href":"https:\/\/api.w.org\/{rel}","templated":true}]}}