{"id":498,"date":"2016-03-29T19:20:43","date_gmt":"2016-03-29T19:20:43","guid":{"rendered":"http:\/\/caials.blog.pangea.org\/?p=498"},"modified":"2016-03-29T19:20:43","modified_gmt":"2016-03-29T19:20:43","slug":"estrena-papil%c2%b7loma-les-dones-hem-de-decidir","status":"publish","type":"post","link":"https:\/\/caials.blog.pangea.org\/es\/estrena-papil%c2%b7loma-les-dones-hem-de-decidir\/","title":{"rendered":"(Catal\u00e0) ESTRENA | Papil\u00b7loma: les dones hem de decidir"},"content":{"rendered":"<p class=\"qtranxs-available-languages-message qtranxs-available-languages-message-es\">Disculpa, pero esta entrada est\u00e1 disponible s\u00f3lo en <a href=\"https:\/\/caials.blog.pangea.org\/ca\/wp-json\/wp\/v2\/posts\/498\" class=\"qtranxs-available-language-link qtranxs-available-language-link-ca\" title=\"Catal\u00e0\">Catal\u00e0<\/a>.<\/p>","protected":false},"excerpt":{"rendered":"<p>Disculpa, pero esta entrada est\u00e1 disponible s\u00f3lo en Catal\u00e0.<\/p>\n","protected":false},"author":2457,"featured_media":0,"comment_status":"open","ping_status":"open","sticky":false,"template":"","format":"standard","meta":{"jetpack_post_was_ever_published":false,"_jetpack_newsletter_access":"","_jetpack_dont_email_post_to_subs":false,"_jetpack_newsletter_tier_id":0,"_jetpack_memberships_contains_paywalled_content":false,"_jetpack_memberships_contains_paid_content":false,"footnotes":"","jetpack_publicize_message":"","jetpack_publicize_feature_enabled":true,"jetpack_social_post_already_shared":true,"jetpack_social_options":{"image_generator_settings":{"template":"highway","default_image_id":0,"font":"","enabled":false},"version":2}},"categories":[25692,25691],"tags":[25725,6820],"class_list":["post-498","post","type-post","status-publish","format-standard","hentry","category-el-bloc-de-caials","category-no-tho-perdis","tag-entrepobles","tag-salut"],"jetpack_publicize_connections":[],"jetpack_featured_media_url":"","jetpack_shortlink":"https:\/\/wp.me\/p4TQKH-82","jetpack_sharing_enabled":true,"jetpack-related-posts":[{"id":459,"url":"https:\/\/caials.blog.pangea.org\/es\/els-nostres-cossos-les-nostres-vides-jornades-internacionals\/","url_meta":{"origin":498,"position":0},"title":"(Catal\u00e0) Els nostres cossos, les nostres vides : Jornades Internacionals","author":"caials","date":"08 de septiembre de 2015","format":false,"excerpt":"Disculpa, pero esta entrada est\u00e1 disponible s\u00f3lo en Catal\u00e0.","rel":"","context":"En \u00abRecomanacions\u00bb","block_context":{"text":"Recomanacions","link":"https:\/\/caials.blog.pangea.org\/es\/category\/recomanacions\/"},"img":{"alt_text":"NostresCossosVides","src":"https:\/\/i0.wp.com\/caials.blog.pangea.org\/files\/2015\/08\/NostresCossosVides-300x273.jpg?resize=350%2C200","width":350,"height":200},"classes":[]},{"id":527,"url":"https:\/\/caials.blog.pangea.org\/es\/estat-de-la-questio\/","url_meta":{"origin":498,"position":1},"title":"(Catal\u00e0) Estat de la q\u00fcesti\u00f3","author":"caials","date":"14 de mayo de 2017","format":false,"excerpt":"Disculpa, pero esta entrada est\u00e1 disponible s\u00f3lo en Catal\u00e0.","rel":"","context":"En \u00abEl bloc de Caials\u00bb","block_context":{"text":"El bloc de Caials","link":"https:\/\/caials.blog.pangea.org\/es\/category\/el-bloc-de-caials\/"},"img":{"alt_text":"","src":"https:\/\/i0.wp.com\/caials.blog.pangea.org\/files\/2014\/06\/imatge_legos.jpg?fit=640%2C426&ssl=1&resize=350%2C200","width":350,"height":200,"srcset":"https:\/\/i0.wp.com\/caials.blog.pangea.org\/files\/2014\/06\/imatge_legos.jpg?fit=640%2C426&ssl=1&resize=350%2C200 1x, https:\/\/i0.wp.com\/caials.blog.pangea.org\/files\/2014\/06\/imatge_legos.jpg?fit=640%2C426&ssl=1&resize=525%2C300 1.5x"},"classes":[]},{"id":408,"url":"https:\/\/caials.blog.pangea.org\/es\/cap-a-santa-coloma-dia-internacional-daccio-per-la-salut-de-les-dones\/","url_meta":{"origin":498,"position":2},"title":"(Catal\u00e0) Cap a Santa Coloma :: Dia Internacional d&#8217;Acci\u00f3 per la Salut de les Dones","author":"caials","date":"19 de mayo de 2015","format":false,"excerpt":"\u00a0 Sabeu que el 28 de maig \u00e9s el Dia Internacional d'Acci\u00f3 per la Salut de les Dones? A Santa Coloma el celebren amb la projecci\u00f3 del documental\u00a0Menopausa Rebel, amb una ponent imperdible,\u00a0Dolores Juliano, i les referents en el m\u00f3n del cinema i l'audiovisual de la cooperativa Drac M\u00e0gic. I\u2026","rel":"","context":"En \u00abEl bloc de Caials\u00bb","block_context":{"text":"El bloc de Caials","link":"https:\/\/caials.blog.pangea.org\/es\/category\/el-bloc-de-caials\/"},"img":{"alt_text":"15_DiaInternacSalutDones_StaCo_a","src":"https:\/\/i0.wp.com\/caials.blog.pangea.org\/files\/2015\/05\/15_DiaInternacSalutDones_StaCo_a.png?resize=350%2C200","width":350,"height":200},"classes":[]},{"id":219,"url":"https:\/\/caials.blog.pangea.org\/es\/28desetembre-avortament\/","url_meta":{"origin":498,"position":3},"title":"drets sexuals i reproductius i dret a decidir","author":"caials","date":"24 de septiembre de 2014","format":false,"excerpt":"Portem anys d'agitaci\u00f3 entorn l'avortament i, des de ja fa un parell d'anys davant les not\u00edcies, ara si i ara no, d'una reforma de la Llei de Drets Sexuals i Reproductius i de la Interrupci\u00f3 Volunt\u00e0ria de l'Embar\u00e0s aprovada el 2010. El projecte de l'ara ja ex-ministre de Just\u00edcia, Alberto\u2026","rel":"","context":"En \u00abNo t'ho perdis\u00bb","block_context":{"text":"No t'ho perdis","link":"https:\/\/caials.blog.pangea.org\/es\/category\/no-tho-perdis\/"},"img":{"alt_text":"GALLARDON_1","src":"https:\/\/i0.wp.com\/caials.blog.pangea.org\/files\/2014\/09\/GALLARDON_1.jpg?resize=350%2C200","width":350,"height":200},"classes":[]},{"id":243,"url":"https:\/\/caials.blog.pangea.org\/es\/25-anys-de-dones-juristes\/","url_meta":{"origin":498,"position":4},"title":"(Catal\u00e0) 25 anys de Dones Juristes","author":"caials","date":"25 de septiembre de 2014","format":false,"excerpt":"L\u2019Associaci\u00f3 Dones Juristes compleix 25 anys! Com elles mateixes expressen a la seva web: s\u00f3n \" 25 anys d\u2019hist\u00f2ria i de lluita pels drets de les dones i, per celebrar-ho, ha preparat un nodrit programa d\u2019actes diversos que es portaran a terme al llarg del mes d\u2019octubre. Cadascun d\u2019ells tindr\u00e0\u2026","rel":"","context":"En \u00abRecomanacions\u00bb","block_context":{"text":"Recomanacions","link":"https:\/\/caials.blog.pangea.org\/es\/category\/recomanacions\/"},"img":{"alt_text":"25aDonesJuristes","src":"https:\/\/i0.wp.com\/caials.blog.pangea.org\/files\/2014\/09\/25aDonesJuristes.jpg?resize=350%2C200","width":350,"height":200,"srcset":"https:\/\/i0.wp.com\/caials.blog.pangea.org\/files\/2014\/09\/25aDonesJuristes.jpg?resize=350%2C200 1x, https:\/\/i0.wp.com\/caials.blog.pangea.org\/files\/2014\/09\/25aDonesJuristes.jpg?resize=525%2C300 1.5x, https:\/\/i0.wp.com\/caials.blog.pangea.org\/files\/2014\/09\/25aDonesJuristes.jpg?resize=700%2C400 2x, https:\/\/i0.wp.com\/caials.blog.pangea.org\/files\/2014\/09\/25aDonesJuristes.jpg?resize=1050%2C600 3x"},"classes":[]},{"id":258,"url":"https:\/\/caials.blog.pangea.org\/es\/jornades-coms-que-son-ques-%e3%80%8bradicalitats-democratiques-des-dels-feminismes\/","url_meta":{"origin":498,"position":5},"title":"Jornades Coms que s\u00f3n qu\u00e8s \u300bRadicalitats democr\u00e0tiques des dels feminismes","author":"caials","date":"13 de octubre de 2014","format":false,"excerpt":"La recomanaci\u00f3 d'aquesta setmana \u00e9s per a la jornada que l'1 de novembre es prepara a Ca la Dona. Neix del \"neguit\" d'un grup de dones per a \"debatre juntes i reflexionar sobre com fem que tot el nostre llegat de pr\u00e0ctiques,\u00a0 experi\u00e8ncies i relacions sigui un eix vertebrador de\u2026","rel":"","context":"En \u00abRecomanacions\u00bb","block_context":{"text":"Recomanacions","link":"https:\/\/caials.blog.pangea.org\/es\/category\/recomanacions\/"},"img":{"alt_text":"","src":"https:\/\/i0.wp.com\/caials.blog.pangea.org\/files\/2014\/10\/wpid-cropped-512px-square_and_colors_a-svg.png?fit=270%2C270&ssl=1&resize=350%2C200","width":350,"height":200},"classes":[]}],"_links":{"self":[{"href":"https:\/\/caials.blog.pangea.org\/es\/wp-json\/wp\/v2\/posts\/498","targetHints":{"allow":["GET"]}}],"collection":[{"href":"https:\/\/caials.blog.pangea.org\/es\/wp-json\/wp\/v2\/posts"}],"about":[{"href":"https:\/\/caials.blog.pangea.org\/es\/wp-json\/wp\/v2\/types\/post"}],"author":[{"embeddable":true,"href":"https:\/\/caials.blog.pangea.org\/es\/wp-json\/wp\/v2\/users\/2457"}],"replies":[{"embeddable":true,"href":"https:\/\/caials.blog.pangea.org\/es\/wp-json\/wp\/v2\/comments?post=498"}],"version-history":[{"count":1,"href":"https:\/\/caials.blog.pangea.org\/es\/wp-json\/wp\/v2\/posts\/498\/revisions"}],"predecessor-version":[{"id":499,"href":"https:\/\/caials.blog.pangea.org\/es\/wp-json\/wp\/v2\/posts\/498\/revisions\/499"}],"wp:attachment":[{"href":"https:\/\/caials.blog.pangea.org\/es\/wp-json\/wp\/v2\/media?parent=498"}],"wp:term":[{"taxonomy":"category","embeddable":true,"href":"https:\/\/caials.blog.pangea.org\/es\/wp-json\/wp\/v2\/categories?post=498"},{"taxonomy":"post_tag","embeddable":true,"href":"https:\/\/caials.blog.pangea.org\/es\/wp-json\/wp\/v2\/tags?post=498"}],"curies":[{"name":"wp","href":"https:\/\/api.w.org\/{rel}","templated":true}]}}